{"id":3874,"date":"2026-04-05T10:32:56","date_gmt":"2026-04-05T08:32:56","guid":{"rendered":"https:\/\/malne.es\/?p=3874"},"modified":"2026-04-20T13:31:09","modified_gmt":"2026-04-20T11:31:09","slug":"showroom-fashion-show-or-private-presentation","status":"publish","type":"post","link":"https:\/\/malne.es\/en\/eventos-de-moda\/desfile-showroom-o-presentacion-privada\/","title":{"rendered":"Parade, showroom or private presentation: what format are brands choosing today"},"content":{"rendered":"<blockquote class=\"wp-block-quote is-layout-flow wp-block-quote-is-layout-flow\">\n<p><em>\u00ab&quot;In fashion, it&#039;s not just about showing a collection, it&#039;s about staging a way of being in the world.&quot;\u00bb<\/em>&nbsp;<\/p>\n<\/blockquote>\n\n\n\n<p>In the universe of the&nbsp;<strong>signature fashion<\/strong>, choose between a&nbsp;<em>parade<\/em>, a&nbsp;<em>showroom<\/em>&nbsp;or a&nbsp;<em>private presentation<\/em>&nbsp;It&#039;s not a logistical decision. It&#039;s a statement of intent. Each format of&nbsp;<strong><a href=\"https:\/\/malne.es\/en\/collections-fw-2026\/\">contemporary fashion events<\/a><\/strong>&nbsp;It embodies a different way of relating to the public, of understanding luxury, and of placing the brand in the minds of those who follow, buy, and recommend it.&nbsp;<\/p>\n\n\n\n<p>From our atelier in Madrid, we experience it as a natural extension of design: the garment is drawn on the body; the format, on the mind of the one who contemplates it.&nbsp;<\/p>\n\n\n\n<h2 class=\"wp-block-heading\">Fashion events today: scene, community and memory&nbsp;<\/h2>\n\n\n\n<p>In recent decades, the&nbsp;<strong>fashion events<\/strong>&nbsp;They have gone from being almost secret rendezvous to becoming events open to the world.&nbsp;<strong>fashion show<\/strong>&nbsp;It no longer happens only in front of a front row of journalists and clients: it is followed by a global audience that comments live, captures details, and multiplies the conversation.&nbsp;<\/p>\n\n\n\n<p>The big ones&nbsp;<strong>fashion brands<\/strong>&nbsp;They have transformed the calendar into a map of influence: international fashion weeks, capsule collections, collaborations, ephemeral activations.&nbsp;<strong>fashion brands<\/strong>&nbsp;Authorial works, on the other hand, are called to something more delicate: finding a format that preserves their creative independence and, at the same time, engages with this new hyperconnected reality.&nbsp;<\/p>\n\n\n\n<p>The question is no longer just&nbsp;<em>where<\/em>&nbsp;y&nbsp;<em>when<\/em>&nbsp;a collection is presented, but&nbsp;<em>as<\/em>&nbsp;A memory is built that justifies the journey, the time and the attention of those who experience it firsthand\u2026 or through the screen.&nbsp;<\/p>\n\n\n\n<h2 class=\"wp-block-heading\">The fashion show: when the collection becomes a story&nbsp;<\/h2>\n\n\n\n<p>The&nbsp;<strong>fashion show<\/strong>&nbsp;It remains the &quot;crown jewel&quot; for many designer labels. It&#039;s the moment when the creative universe unfolds at full speed: light, music, architecture, casting, rhythm... everything conspires to fix an image in the memory.&nbsp;<\/p>\n\n\n\n<figure class=\"wp-block-image size-full\"><img loading=\"lazy\" decoding=\"async\" width=\"640\" height=\"640\" src=\"https:\/\/malne.es\/wp-content\/uploads\/2025\/10\/desfile-malne.jpeg\" alt=\"Malne models parade with floral looks and pink butterflies in their hair on a dark catwalk.\" class=\"wp-image-3307\" srcset=\"https:\/\/malne.es\/wp-content\/uploads\/2025\/10\/desfile-malne.jpeg 640w, https:\/\/malne.es\/wp-content\/uploads\/2025\/10\/desfile-malne-300x300.jpeg 300w, https:\/\/malne.es\/wp-content\/uploads\/2025\/10\/desfile-malne-150x150.jpeg 150w, https:\/\/malne.es\/wp-content\/uploads\/2025\/10\/desfile-malne-12x12.jpeg 12w, https:\/\/malne.es\/wp-content\/uploads\/2025\/10\/desfile-malne-140x140.jpeg 140w, https:\/\/malne.es\/wp-content\/uploads\/2025\/10\/desfile-malne-50x50.jpeg 50w, https:\/\/malne.es\/wp-content\/uploads\/2025\/10\/desfile-malne-100x100.jpeg 100w\" sizes=\"auto, (max-width: 640px) 100vw, 640px\" \/><\/figure>\n\n\n\n<h2 class=\"wp-block-heading\">The showroom: where the garment is examined closely&nbsp;<\/h2>\n\n\n\n<p>If the parade is impactful, the&nbsp;<strong>showroom<\/strong>&nbsp;It&#039;s a conversation. It&#039;s the space where garments pause, are touched, and are tried on at leisure. In contrast to the frenetic pace of the catwalk, the showroom offers a different rhythm: silences, comments, and decisions that are carefully considered.&nbsp;<\/p>\n\n\n\n<p>For the&nbsp;<strong>fashion brands<\/strong>&nbsp;The designer showroom fulfills several essential functions:&nbsp;<\/p>\n\n\n\n<ul class=\"wp-block-list\">\n<li><strong>Privacy and exclusivity<\/strong>&nbsp;<br>The client \u2013 whether private or professional \u2013 enters an environment prepared specifically for them. Their needs are listened to, the proposal is adapted, and the possibility of transforming a collector&#039;s item into something even more personal is even considered.&nbsp;<\/li>\n<\/ul>\n\n\n\n<ul class=\"wp-block-list\">\n<li><strong>Relationship with the industry<\/strong>&nbsp;<br>It&#039;s the place where stylists, influencers, and celebrities converge. Many of the red carpet appearances, editorials, and film shoots that showcase the atelier&#039;s work originate from these spaces.&nbsp;<\/li>\n<\/ul>\n\n\n\n<ul class=\"wp-block-list\">\n<li><strong>Informed purchase decision<\/strong>&nbsp;<br>A well-cut pattern, a sculptural shoulder pad, hand embroidery\u2026 elements that pass fleetingly in a fashion show, become the main theme in the showroom.&nbsp;<\/li>\n<\/ul>\n\n\n\n<p>In Malne, these spaces often engage in dialogue with our own&nbsp;<strong>Madrid atelier<\/strong>, where the client can cross the border between viewing a collection and beginning the process of a custom-made garment, guided by the designers and the pattern-making team.&nbsp;<\/p>\n\n\n\n<h2 class=\"wp-block-heading\">Private presentations and performances: the luxury of mindfulness&nbsp;<\/h2>\n\n\n\n<p>Between the classic parade and the showroom, a hybrid territory is born that many&nbsp;<strong>fashion brands<\/strong>&nbsp;They are exploring: performance presentations, immersive installations, scenographic tours.&nbsp;<\/p>\n\n\n\n<p>Here the collection is presented as another chapter in a story:&nbsp;<\/p>\n\n\n\n<ul class=\"wp-block-list\">\n<li>Models that inhabit the space for hours, not just minutes.&nbsp;<\/li>\n<\/ul>\n\n\n\n<ul class=\"wp-block-list\">\n<li>Mannequins coexisting with projections, sound, and archival pieces.&nbsp;<\/li>\n<\/ul>\n\n\n\n<ul class=\"wp-block-list\">\n<li>Small groups of guests circulate in silence, discovering each look as if it were a work of art in a gallery.&nbsp;<\/li>\n<\/ul>\n\n\n\n<p>In these formats, luxury translates into full attention: each guest feels that time has stopped for them. For an artisanal high fashion house, this type of presentation showcases the level of detail - invisible stitching, embroidery, fabric blends - that defines its identity and justifies the value of each piece.&nbsp;<\/p>\n\n\n\n<h2 class=\"wp-block-heading\">Looking to the future: phygital formats and conscious luxury&nbsp;<\/h2>\n\n\n\n<p>The next decade will be marked by hybrid formats. The fashion show will be accompanied by audiovisual pieces designed for the remote viewer; the physical showroom will coexist with digital tours and one-on-one video call sessions; private presentations will incorporate technological tools to further personalise the experience.&nbsp;<\/p>\n\n\n\n<p>The&nbsp;<strong>fashion brands<\/strong>&nbsp;We also incorporate another decisive element: coherence. The spaces, the display materials, the way each person is received speak as much about the brand as the clothes themselves.&nbsp;<\/p>\n\n\n\n<p>Because, in the end, the question is not only which format you choose, but also which format you choose.&nbsp;<strong>what history is to be left behind<\/strong>&nbsp;in the memory of those who were there.&nbsp;<\/p>\n\n\n\n<div class=\"wp-block-group is-layout-constrained wp-block-group-is-layout-constrained\">\n<div class=\"wp-block-buttons is-content-justification-center is-nowrap is-layout-flex wp-container-core-buttons-is-layout-94bc23d7 wp-block-buttons-is-layout-flex\">\n<div class=\"wp-block-button\"><a class=\"wp-block-button__link wp-element-button\" href=\"https:\/\/malne.es\/en\/contact\/\">It all starts with a conversation<\/a><\/div>\n<\/div>\n\n\n\n<div style=\"height:100px\" aria-hidden=\"true\" class=\"wp-block-spacer\"><\/div>\n<\/div>\n\n\n\n<p><\/p>","protected":false},"excerpt":{"rendered":"<p>In designer fashion, choosing between a runway show, showroom, or private presentation is about defining how a collection is told.<\/p>","protected":false},"author":2,"featured_media":3253,"comment_status":"open","ping_status":"open","sticky":false,"template":"","format":"standard","meta":{"_acf_changed":false,"inline_featured_image":false,"footnotes":""},"categories":[156],"tags":[],"class_list":{"0":"post-3874","1":"post","2":"type-post","3":"status-publish","4":"format-standard","5":"has-post-thumbnail","7":"category-eventos-de-moda"},"acf":[],"yoast_head":"<!-- This site is optimized with the Yoast SEO plugin v25.5 - https:\/\/yoast.com\/wordpress\/plugins\/seo\/ -->\n<title>Desfile, showroom o presentaci\u00f3n privada en la moda de autor<\/title>\n<meta name=\"description\" content=\"An\u00e1lisis de c\u00f3mo las firmas de moda eligen entre desfile de moda, showroom o presentaci\u00f3n privada para sus eventos de moda.\" \/>\n<meta name=\"robots\" content=\"index, follow, max-snippet:-1, max-image-preview:large, max-video-preview:-1\" \/>\n<link rel=\"canonical\" href=\"https:\/\/malne.es\/en\/fashion-events\/showroom-fashion-show-or-private-presentation\/\" \/>\n<meta property=\"og:locale\" content=\"en_GB\" \/>\n<meta property=\"og:type\" content=\"article\" \/>\n<meta property=\"og:title\" content=\"Desfile, showroom o presentaci\u00f3n privada en la moda de autor\" \/>\n<meta property=\"og:description\" content=\"An\u00e1lisis de c\u00f3mo las firmas de moda eligen entre desfile de moda, showroom o presentaci\u00f3n privada para sus eventos de moda.\" \/>\n<meta property=\"og:url\" content=\"https:\/\/malne.es\/en\/fashion-events\/showroom-fashion-show-or-private-presentation\/\" \/>\n<meta property=\"og:site_name\" content=\"Malne\" \/>\n<meta property=\"article:publisher\" content=\"https:\/\/www.facebook.com\/malnemadrid\/\" \/>\n<meta property=\"article:published_time\" content=\"2026-04-05T08:32:56+00:00\" \/>\n<meta property=\"article:modified_time\" content=\"2026-04-20T11:31:09+00:00\" \/>\n<meta property=\"og:image\" content=\"https:\/\/malne.es\/wp-content\/uploads\/2025\/09\/image-7.png\" \/>\n\t<meta property=\"og:image:width\" content=\"864\" \/>\n\t<meta property=\"og:image:height\" content=\"576\" \/>\n\t<meta property=\"og:image:type\" content=\"image\/png\" \/>\n<meta name=\"author\" content=\"MALNE\" \/>\n<meta name=\"twitter:card\" content=\"summary_large_image\" \/>\n<meta name=\"twitter:creator\" content=\"@Malne_Official\" \/>\n<meta name=\"twitter:site\" content=\"@Malne_Official\" \/>\n<meta name=\"twitter:label1\" content=\"Written by\" \/>\n\t<meta name=\"twitter:data1\" content=\"MALNE\" \/>\n\t<meta name=\"twitter:label2\" content=\"Estimated reading time\" \/>\n\t<meta name=\"twitter:data2\" content=\"4 minutes\" \/>\n<script type=\"application\/ld+json\" class=\"yoast-schema-graph\">{\"@context\":\"https:\/\/schema.org\",\"@graph\":[{\"@type\":\"Article\",\"@id\":\"https:\/\/malne.es\/eventos-de-moda\/desfile-showroom-o-presentacion-privada\/#article\",\"isPartOf\":{\"@id\":\"https:\/\/malne.es\/eventos-de-moda\/desfile-showroom-o-presentacion-privada\/\"},\"author\":{\"name\":\"MALNE\",\"@id\":\"https:\/\/malne.es\/#\/schema\/person\/579d85ea12cec4ef071b7faaef298ecf\"},\"headline\":\"Desfile, showroom o presentaci\u00f3n privada: qu\u00e9 formato eligen hoy las firmas\",\"datePublished\":\"2026-04-05T08:32:56+00:00\",\"dateModified\":\"2026-04-20T11:31:09+00:00\",\"mainEntityOfPage\":{\"@id\":\"https:\/\/malne.es\/eventos-de-moda\/desfile-showroom-o-presentacion-privada\/\"},\"wordCount\":944,\"commentCount\":0,\"publisher\":{\"@id\":\"https:\/\/malne.es\/#organization\"},\"image\":{\"@id\":\"https:\/\/malne.es\/eventos-de-moda\/desfile-showroom-o-presentacion-privada\/#primaryimage\"},\"thumbnailUrl\":\"https:\/\/malne.es\/wp-content\/uploads\/2025\/09\/image-7.png\",\"articleSection\":[\"Eventos de Moda\"],\"inLanguage\":\"en-GB\",\"potentialAction\":[{\"@type\":\"CommentAction\",\"name\":\"Comment\",\"target\":[\"https:\/\/malne.es\/eventos-de-moda\/desfile-showroom-o-presentacion-privada\/#respond\"]}]},{\"@type\":\"WebPage\",\"@id\":\"https:\/\/malne.es\/eventos-de-moda\/desfile-showroom-o-presentacion-privada\/\",\"url\":\"https:\/\/malne.es\/eventos-de-moda\/desfile-showroom-o-presentacion-privada\/\",\"name\":\"Desfile, showroom o presentaci\u00f3n privada en la moda de autor\",\"isPartOf\":{\"@id\":\"https:\/\/malne.es\/#website\"},\"primaryImageOfPage\":{\"@id\":\"https:\/\/malne.es\/eventos-de-moda\/desfile-showroom-o-presentacion-privada\/#primaryimage\"},\"image\":{\"@id\":\"https:\/\/malne.es\/eventos-de-moda\/desfile-showroom-o-presentacion-privada\/#primaryimage\"},\"thumbnailUrl\":\"https:\/\/malne.es\/wp-content\/uploads\/2025\/09\/image-7.png\",\"datePublished\":\"2026-04-05T08:32:56+00:00\",\"dateModified\":\"2026-04-20T11:31:09+00:00\",\"description\":\"An\u00e1lisis de c\u00f3mo las firmas de moda eligen entre desfile de moda, showroom o presentaci\u00f3n privada para sus eventos de moda.\",\"breadcrumb\":{\"@id\":\"https:\/\/malne.es\/eventos-de-moda\/desfile-showroom-o-presentacion-privada\/#breadcrumb\"},\"inLanguage\":\"en-GB\",\"potentialAction\":[{\"@type\":\"ReadAction\",\"target\":[\"https:\/\/malne.es\/eventos-de-moda\/desfile-showroom-o-presentacion-privada\/\"]}]},{\"@type\":\"ImageObject\",\"inLanguage\":\"en-GB\",\"@id\":\"https:\/\/malne.es\/eventos-de-moda\/desfile-showroom-o-presentacion-privada\/#primaryimage\",\"url\":\"https:\/\/malne.es\/wp-content\/uploads\/2025\/09\/image-7.png\",\"contentUrl\":\"https:\/\/malne.es\/wp-content\/uploads\/2025\/09\/image-7.png\",\"width\":864,\"height\":576,\"caption\":\"Modelos desfilando en una pasarela de moda durante la presentaci\u00f3n profesional de una colecci\u00f3n con narrativa visual coherente.\"},{\"@type\":\"BreadcrumbList\",\"@id\":\"https:\/\/malne.es\/eventos-de-moda\/desfile-showroom-o-presentacion-privada\/#breadcrumb\",\"itemListElement\":[{\"@type\":\"ListItem\",\"position\":1,\"name\":\"Home\",\"item\":\"https:\/\/malne.es\/\"},{\"@type\":\"ListItem\",\"position\":2,\"name\":\"Desfile, showroom o presentaci\u00f3n privada: qu\u00e9 formato eligen hoy las firmas\"}]},{\"@type\":\"WebSite\",\"@id\":\"https:\/\/malne.es\/#website\",\"url\":\"https:\/\/malne.es\/\",\"name\":\"Malne\",\"description\":\"sitio oficial. Firma especializada en dise\u00f1o de pr\u00eat-\u00e0-porter y costura de prendas de lujo personalizado en ediciones limitadas.\",\"publisher\":{\"@id\":\"https:\/\/malne.es\/#organization\"},\"potentialAction\":[{\"@type\":\"SearchAction\",\"target\":{\"@type\":\"EntryPoint\",\"urlTemplate\":\"https:\/\/malne.es\/?s={search_term_string}\"},\"query-input\":{\"@type\":\"PropertyValueSpecification\",\"valueRequired\":true,\"valueName\":\"search_term_string\"}}],\"inLanguage\":\"en-GB\"},{\"@type\":\"Organization\",\"@id\":\"https:\/\/malne.es\/#organization\",\"name\":\"Malne\",\"url\":\"https:\/\/malne.es\/\",\"logo\":{\"@type\":\"ImageObject\",\"inLanguage\":\"en-GB\",\"@id\":\"https:\/\/malne.es\/#\/schema\/logo\/image\/\",\"url\":\"https:\/\/malne.es\/wp-content\/uploads\/2025\/02\/Modo_de_aislamiento.png\",\"contentUrl\":\"https:\/\/malne.es\/wp-content\/uploads\/2025\/02\/Modo_de_aislamiento.png\",\"width\":160,\"height\":50,\"caption\":\"Malne\"},\"image\":{\"@id\":\"https:\/\/malne.es\/#\/schema\/logo\/image\/\"},\"sameAs\":[\"https:\/\/www.facebook.com\/malnemadrid\/\",\"https:\/\/x.com\/Malne_Official\",\"https:\/\/www.instagram.com\/malne_official\/?hl=es\"]},{\"@type\":\"Person\",\"@id\":\"https:\/\/malne.es\/#\/schema\/person\/579d85ea12cec4ef071b7faaef298ecf\",\"name\":\"MALNE\",\"image\":{\"@type\":\"ImageObject\",\"inLanguage\":\"en-GB\",\"@id\":\"https:\/\/malne.es\/#\/schema\/person\/image\/\",\"url\":\"https:\/\/secure.gravatar.com\/avatar\/ae08289616bea7911814e52ce9fe2c6cc209f8ef15fa01f37eb73b7e36189b60?s=96&d=mm&r=g\",\"contentUrl\":\"https:\/\/secure.gravatar.com\/avatar\/ae08289616bea7911814e52ce9fe2c6cc209f8ef15fa01f37eb73b7e36189b60?s=96&d=mm&r=g\",\"caption\":\"MALNE\"},\"url\":\"https:\/\/malne.es\/en\/author\/malne\/\"}]}<\/script>\n<!-- \/ Yoast SEO plugin. -->","yoast_head_json":{"title":"Fashion show, showroom or private presentation in auteur fashion","description":"Analysis of how fashion brands choose between fashion show, showroom or private presentation for their fashion events.","robots":{"index":"index","follow":"follow","max-snippet":"max-snippet:-1","max-image-preview":"max-image-preview:large","max-video-preview":"max-video-preview:-1"},"canonical":"https:\/\/malne.es\/en\/fashion-events\/showroom-fashion-show-or-private-presentation\/","og_locale":"en_GB","og_type":"article","og_title":"Desfile, showroom o presentaci\u00f3n privada en la moda de autor","og_description":"An\u00e1lisis de c\u00f3mo las firmas de moda eligen entre desfile de moda, showroom o presentaci\u00f3n privada para sus eventos de moda.","og_url":"https:\/\/malne.es\/en\/fashion-events\/showroom-fashion-show-or-private-presentation\/","og_site_name":"Malne","article_publisher":"https:\/\/www.facebook.com\/malnemadrid\/","article_published_time":"2026-04-05T08:32:56+00:00","article_modified_time":"2026-04-20T11:31:09+00:00","og_image":[{"width":864,"height":576,"url":"https:\/\/malne.es\/wp-content\/uploads\/2025\/09\/image-7.png","type":"image\/png"}],"author":"MALNE","twitter_card":"summary_large_image","twitter_creator":"@Malne_Official","twitter_site":"@Malne_Official","twitter_misc":{"Written by":"MALNE","Estimated reading time":"4 minutes"},"schema":{"@context":"https:\/\/schema.org","@graph":[{"@type":"Article","@id":"https:\/\/malne.es\/eventos-de-moda\/desfile-showroom-o-presentacion-privada\/#article","isPartOf":{"@id":"https:\/\/malne.es\/eventos-de-moda\/desfile-showroom-o-presentacion-privada\/"},"author":{"name":"MALNE","@id":"https:\/\/malne.es\/#\/schema\/person\/579d85ea12cec4ef071b7faaef298ecf"},"headline":"Desfile, showroom o presentaci\u00f3n privada: qu\u00e9 formato eligen hoy las firmas","datePublished":"2026-04-05T08:32:56+00:00","dateModified":"2026-04-20T11:31:09+00:00","mainEntityOfPage":{"@id":"https:\/\/malne.es\/eventos-de-moda\/desfile-showroom-o-presentacion-privada\/"},"wordCount":944,"commentCount":0,"publisher":{"@id":"https:\/\/malne.es\/#organization"},"image":{"@id":"https:\/\/malne.es\/eventos-de-moda\/desfile-showroom-o-presentacion-privada\/#primaryimage"},"thumbnailUrl":"https:\/\/malne.es\/wp-content\/uploads\/2025\/09\/image-7.png","articleSection":["Eventos de Moda"],"inLanguage":"en-GB","potentialAction":[{"@type":"CommentAction","name":"Comment","target":["https:\/\/malne.es\/eventos-de-moda\/desfile-showroom-o-presentacion-privada\/#respond"]}]},{"@type":"WebPage","@id":"https:\/\/malne.es\/eventos-de-moda\/desfile-showroom-o-presentacion-privada\/","url":"https:\/\/malne.es\/eventos-de-moda\/desfile-showroom-o-presentacion-privada\/","name":"Fashion show, showroom or private presentation in auteur fashion","isPartOf":{"@id":"https:\/\/malne.es\/#website"},"primaryImageOfPage":{"@id":"https:\/\/malne.es\/eventos-de-moda\/desfile-showroom-o-presentacion-privada\/#primaryimage"},"image":{"@id":"https:\/\/malne.es\/eventos-de-moda\/desfile-showroom-o-presentacion-privada\/#primaryimage"},"thumbnailUrl":"https:\/\/malne.es\/wp-content\/uploads\/2025\/09\/image-7.png","datePublished":"2026-04-05T08:32:56+00:00","dateModified":"2026-04-20T11:31:09+00:00","description":"Analysis of how fashion brands choose between fashion show, showroom or private presentation for their fashion events.","breadcrumb":{"@id":"https:\/\/malne.es\/eventos-de-moda\/desfile-showroom-o-presentacion-privada\/#breadcrumb"},"inLanguage":"en-GB","potentialAction":[{"@type":"ReadAction","target":["https:\/\/malne.es\/eventos-de-moda\/desfile-showroom-o-presentacion-privada\/"]}]},{"@type":"ImageObject","inLanguage":"en-GB","@id":"https:\/\/malne.es\/eventos-de-moda\/desfile-showroom-o-presentacion-privada\/#primaryimage","url":"https:\/\/malne.es\/wp-content\/uploads\/2025\/09\/image-7.png","contentUrl":"https:\/\/malne.es\/wp-content\/uploads\/2025\/09\/image-7.png","width":864,"height":576,"caption":"Modelos desfilando en una pasarela de moda durante la presentaci\u00f3n profesional de una colecci\u00f3n con narrativa visual coherente."},{"@type":"BreadcrumbList","@id":"https:\/\/malne.es\/eventos-de-moda\/desfile-showroom-o-presentacion-privada\/#breadcrumb","itemListElement":[{"@type":"ListItem","position":1,"name":"Home","item":"https:\/\/malne.es\/"},{"@type":"ListItem","position":2,"name":"Desfile, showroom o presentaci\u00f3n privada: qu\u00e9 formato eligen hoy las firmas"}]},{"@type":"WebSite","@id":"https:\/\/malne.es\/#website","url":"https:\/\/malne.es\/","name":"Malne","description":"official website. The firm specialises in ready-to-wear design and sewing of luxury customised garments in limited editions.","publisher":{"@id":"https:\/\/malne.es\/#organization"},"potentialAction":[{"@type":"SearchAction","target":{"@type":"EntryPoint","urlTemplate":"https:\/\/malne.es\/?s={search_term_string}"},"query-input":{"@type":"PropertyValueSpecification","valueRequired":true,"valueName":"search_term_string"}}],"inLanguage":"en-GB"},{"@type":"Organization","@id":"https:\/\/malne.es\/#organization","name":"Malne","url":"https:\/\/malne.es\/","logo":{"@type":"ImageObject","inLanguage":"en-GB","@id":"https:\/\/malne.es\/#\/schema\/logo\/image\/","url":"https:\/\/malne.es\/wp-content\/uploads\/2025\/02\/Modo_de_aislamiento.png","contentUrl":"https:\/\/malne.es\/wp-content\/uploads\/2025\/02\/Modo_de_aislamiento.png","width":160,"height":50,"caption":"Malne"},"image":{"@id":"https:\/\/malne.es\/#\/schema\/logo\/image\/"},"sameAs":["https:\/\/www.facebook.com\/malnemadrid\/","https:\/\/x.com\/Malne_Official","https:\/\/www.instagram.com\/malne_official\/?hl=es"]},{"@type":"Person","@id":"https:\/\/malne.es\/#\/schema\/person\/579d85ea12cec4ef071b7faaef298ecf","name":"MALNE","image":{"@type":"ImageObject","inLanguage":"en-GB","@id":"https:\/\/malne.es\/#\/schema\/person\/image\/","url":"https:\/\/secure.gravatar.com\/avatar\/ae08289616bea7911814e52ce9fe2c6cc209f8ef15fa01f37eb73b7e36189b60?s=96&d=mm&r=g","contentUrl":"https:\/\/secure.gravatar.com\/avatar\/ae08289616bea7911814e52ce9fe2c6cc209f8ef15fa01f37eb73b7e36189b60?s=96&d=mm&r=g","caption":"MALNE"},"url":"https:\/\/malne.es\/en\/author\/malne\/"}]}},"_links":{"self":[{"href":"https:\/\/malne.es\/en\/wp-json\/wp\/v2\/posts\/3874","targetHints":{"allow":["GET"]}}],"collection":[{"href":"https:\/\/malne.es\/en\/wp-json\/wp\/v2\/posts"}],"about":[{"href":"https:\/\/malne.es\/en\/wp-json\/wp\/v2\/types\/post"}],"author":[{"embeddable":true,"href":"https:\/\/malne.es\/en\/wp-json\/wp\/v2\/users\/2"}],"replies":[{"embeddable":true,"href":"https:\/\/malne.es\/en\/wp-json\/wp\/v2\/comments?post=3874"}],"version-history":[{"count":2,"href":"https:\/\/malne.es\/en\/wp-json\/wp\/v2\/posts\/3874\/revisions"}],"predecessor-version":[{"id":3901,"href":"https:\/\/malne.es\/en\/wp-json\/wp\/v2\/posts\/3874\/revisions\/3901"}],"wp:featuredmedia":[{"embeddable":true,"href":"https:\/\/malne.es\/en\/wp-json\/wp\/v2\/media\/3253"}],"wp:attachment":[{"href":"https:\/\/malne.es\/en\/wp-json\/wp\/v2\/media?parent=3874"}],"wp:term":[{"taxonomy":"category","embeddable":true,"href":"https:\/\/malne.es\/en\/wp-json\/wp\/v2\/categories?post=3874"},{"taxonomy":"post_tag","embeddable":true,"href":"https:\/\/malne.es\/en\/wp-json\/wp\/v2\/tags?post=3874"}],"curies":[{"name":"wp","href":"https:\/\/api.w.org\/{rel}","templated":true}]}}