{"id":3868,"date":"2026-04-04T10:09:01","date_gmt":"2026-04-04T08:09:01","guid":{"rendered":"https:\/\/malne.es\/?p=3868"},"modified":"2026-04-20T13:36:33","modified_gmt":"2026-04-20T11:36:33","slug":"international-fashion-shows-february-and-march","status":"publish","type":"post","link":"https:\/\/malne.es\/en\/eventos-de-moda\/desfiles-de-moda-internacionales-febrero-y-marzo\/","title":{"rendered":"International Fashion Weeks: the key events between February and March"},"content":{"rendered":"<blockquote class=\"wp-block-quote is-layout-flow wp-block-quote-is-layout-flow\">\n<p><em>\u201cFashion doesn\u2019t begin when it arrives at the store; it begins when it steps onto the catwalk.\u201d<\/em><\/p>\n<\/blockquote>\n\n\n\n<p>February and March each year paint an emotional and professional map that the industry instantly recognizes. It&#039;s not just a sum of calendars: it&#039;s the moment when the industry decides which look will dominate, which figures will fuel desire, which names will solidify its language, and which new voices will impose themselves without asking permission. In these weeks, each&nbsp;<strong>fashion runway<\/strong>&nbsp;It functions as a manifesto, and each&nbsp;<strong><a href=\"https:\/\/malne.es\/en\/collections-fw-2026\/\">fashion show<\/a><\/strong>&nbsp;as a test of character.&nbsp;<\/p>\n\n\n\n<p>The international fashion calendar is viewed like a conversation between houses with a history, with gestures that respond to each other and silences that also carry meaning. What we never do is turn that conversation into a recipe. A designer label doesn&#039;t translate other people&#039;s runways &quot;to suit someone else&#039;s taste&quot;;&nbsp;<strong>An author&#039;s signature proposes, signs, and sustains its own world.<\/strong>&nbsp;<\/p>\n\n\n\n<h2 class=\"wp-block-heading\">February: the pulse kicks off with the energy of industry&nbsp;<\/h2>\n\n\n\n<p>February usually kicks things off with that blend of urgency and precision that only comes when fashion takes center stage once again. Major capitals activate their machinery: cities like&nbsp;<strong>New York, London, Milan or Paris<\/strong>.That&#039;s where editors, buyers, stylists, photographers, celebrities, artisans, and show teams all come into play. Everything moves at once, and yet each house seeks the same thing: that its collection doesn&#039;t seem like just another episode, that a signature, an aesthetic tension, a way of understanding the body is recognizable.&nbsp;<\/p>\n\n\n\n<p>The&nbsp;<strong>Fashion Week<\/strong>&nbsp;This time of year is, for many brands, the testing ground for ideas that will quickly permeate the visual culture. Image reigns supreme. Styling is paramount. The internal structure, though unseen, determines whether that image holds true or dissolves the next day.&nbsp;<\/p>\n\n\n\n<h2 class=\"wp-block-heading\">March: fashion asserts itself with a name and surname&nbsp;<\/h2>\n\n\n\n<p>March arrives with a different energy. The collections no longer &quot;appear,&quot; they take center stage. The discourse becomes clearer: either there&#039;s identity, or there&#039;s noise. It&#039;s a month that demands clarity and skill, because the professional eye is sharper and the public has already seen a lot. This is where the industry measures consistency: who stands by an idea, who has their own vocabulary, who understands fashion as a language and not just a passing fancy.&nbsp;<\/p>\n\n\n\n<p>And in Spain, we have the&nbsp;<strong>Mercedes-Benz Fashion Week Madrid (March Edition)<\/strong>. This event is not just a detail on the calendar; it&#039;s a point of reference. Madrid is emerging onto the international map with its own unique personality, with creators who understand design as authorship, with workshops that continue to work by hand and with time, with that combination of rigor and emotion that only endures when the craft is non-negotiable.&nbsp;<\/p>\n\n\n\n<figure class=\"wp-block-image size-full\"><img loading=\"lazy\" decoding=\"async\" width=\"849\" height=\"597\" src=\"https:\/\/malne.es\/wp-content\/uploads\/2026\/04\/image.png\" alt=\"Malne models pose on the catwalk in black glitter looks, feathers and pearls against a dark background.\" class=\"wp-image-3869\" srcset=\"https:\/\/malne.es\/wp-content\/uploads\/2026\/04\/image.png 849w, https:\/\/malne.es\/wp-content\/uploads\/2026\/04\/image-300x211.png 300w, https:\/\/malne.es\/wp-content\/uploads\/2026\/04\/image-768x540.png 768w, https:\/\/malne.es\/wp-content\/uploads\/2026\/04\/image-18x12.png 18w\" sizes=\"auto, (max-width: 849px) 100vw, 849px\" \/><\/figure>\n\n\n\n<h2 class=\"wp-block-heading\">Haute couture: a reminder of what fashion can be&nbsp;<\/h2>\n\n\n\n<p>There are times when the stitching feels more ornamental; others, more structural. In both, the message is the same:&nbsp;<strong>Fashion has an artisanal dimension<\/strong>&nbsp;which remains non-negotiable. And that reminder affects the rest of the ecosystem, even when it is not mentioned: it raises the bar, refines the perspective, and restores the body to its true importance.&nbsp;<\/p>\n\n\n\n<p>\u00ab&quot;Le vrai luxe, c&#039;est le temps.&quot;\u00bb&nbsp;<\/p>\n\n\n\n<p>That phrase isn&#039;t uttered in the front rows, but it&#039;s understood in every fitting, in every toile, in every proportion decision.&nbsp;<\/p>\n\n\n\n<h2 class=\"wp-block-heading\">The red carpet as a cultural mirror&nbsp;<\/h2>\n\n\n\n<p>Between February and March, the&nbsp;<strong>red carpet<\/strong>&nbsp;The world of entertainment galas becomes a very particular barometer. They measure the mood of the culture: what is celebrated, what is exaggerated, what is held back. There are years of maximalism and years of purity. There are nights where volume tells a story and nights where the clean cut is the true spectacle. At Malne, we observe it with interest, but our work always stems from our own language: it&#039;s not about taking what&#039;s outside and &quot;adjusting&quot; it to suit anyone, but about maintaining a distinctive creative direction.&nbsp;<\/p>\n\n\n\n<h2 class=\"wp-block-heading\">How to read through these months of fashion week without getting lost&nbsp;<\/h2>\n\n\n\n<p>When the calendar accelerates, the risk is to remain on the surface: &quot;what&#039;s in fashion&quot;, &quot;what&#039;s copied&quot;, &quot;what goes viral&quot;.&nbsp;<strong>We prefer another reading<\/strong>The one that looks at structure, intention, and coherence. If one truly wants to understand what happens in the&nbsp;<strong>fashion shows between February and March<\/strong>, These questions help:&nbsp;<\/p>\n\n\n\n<ul class=\"wp-block-list\">\n<li>Is there a recognizable creative direction or just a collection of references?&nbsp;<\/li>\n<\/ul>\n\n\n\n<ul class=\"wp-block-list\">\n<li>Does the silhouette reflect an idea of womanhood or a seasonal trend?&nbsp;<\/li>\n<\/ul>\n\n\n\n<ul class=\"wp-block-list\">\n<li>Does the collection have its own world or does it depend on the outside noise?&nbsp;<\/li>\n<\/ul>\n\n\n\n<p>These keys are useful for reading a&nbsp;<strong>fashion runway<\/strong>&nbsp;as to understand why certain garments last and others disappear as quickly as they arrived.&nbsp;<\/p>\n\n\n\n<h2 class=\"wp-block-heading\">Madrid, studio and authorship: the place where the calendar becomes real&nbsp;<\/h2>\n\n\n\n<p>Fashion doesn&#039;t exist only in the moment of the runway show. It exists, above all, in the workshop. In the place where the idea becomes a pattern, where the fabric is cut with intention, where the hand decides. At Malne, we see it this way: the international fashion calendar is followed closely, yes, but&nbsp;<strong>Our collection stems from our own artistic direction.<\/strong>&nbsp;And it materializes with a method that belongs to the tradition of the great atelier. We work without haste and without mass stock, with the logic of measure and craftsmanship, because therein lies the truth of luxury.&nbsp;<\/p>\n\n\n\n<h2 class=\"wp-block-heading\">Where the calendar ceases to be a date and becomes a memory&nbsp;<\/h2>\n\n\n\n<p>In the end, these months don&#039;t matter because of their schedules, but because of what they leave behind. February and March determine images that will remain etched in our minds for years. They determine which houses solidify their style. They determine which designers become indispensable. They also determine how much space remains for craftsmanship in a world that moves fast.&nbsp;<\/p>\n\n\n\n<p>And we continue to believe in the same thing: in&nbsp;<strong>Fashion that is signed, constructed, and remembered<\/strong>. In a design that doesn&#039;t require permission.&nbsp;&nbsp;<\/p>\n\n\n\n<div class=\"wp-block-group is-layout-constrained wp-block-group-is-layout-constrained\">\n<div class=\"wp-block-buttons is-content-justification-center is-nowrap is-layout-flex wp-container-core-buttons-is-layout-94bc23d7 wp-block-buttons-is-layout-flex\">\n<div class=\"wp-block-button\"><a class=\"wp-block-button__link wp-element-button\" href=\"https:\/\/malne.es\/en\/contact\/\">It all starts with a conversation<\/a><\/div>\n<\/div>\n\n\n\n<div style=\"height:100px\" aria-hidden=\"true\" class=\"wp-block-spacer\"><\/div>\n<\/div>","protected":false},"excerpt":{"rendered":"<p>Between February and March, the major fashion weeks such as New York, London, Milan and Paris set the creative rhythm for the year.<\/p>","protected":false},"author":2,"featured_media":3150,"comment_status":"open","ping_status":"open","sticky":false,"template":"","format":"standard","meta":{"_acf_changed":false,"inline_featured_image":false,"footnotes":""},"categories":[156],"tags":[],"class_list":{"0":"post-3868","1":"post","2":"type-post","3":"status-publish","4":"format-standard","5":"has-post-thumbnail","7":"category-eventos-de-moda"},"acf":[],"yoast_head":"<!-- This site is optimized with the Yoast SEO plugin v25.5 - https:\/\/yoast.com\/wordpress\/plugins\/seo\/ -->\n<title>Desfiles de moda internacionales: los eventos de febrero y marzo<\/title>\n<meta name=\"description\" content=\"Desfile de moda y Fashion Week 2026 | Pasarelas internacionales y alta costura\" \/>\n<meta name=\"robots\" content=\"index, follow, max-snippet:-1, max-image-preview:large, max-video-preview:-1\" \/>\n<link rel=\"canonical\" href=\"https:\/\/malne.es\/en\/fashion-events\/international-fashion-shows-february-and-march\/\" \/>\n<meta property=\"og:locale\" content=\"en_GB\" \/>\n<meta property=\"og:type\" content=\"article\" \/>\n<meta property=\"og:title\" content=\"Desfiles de moda internacionales: los eventos de febrero y marzo\" \/>\n<meta property=\"og:description\" content=\"Desfile de moda y Fashion Week 2026 | Pasarelas internacionales y alta costura\" \/>\n<meta property=\"og:url\" content=\"https:\/\/malne.es\/en\/fashion-events\/international-fashion-shows-february-and-march\/\" \/>\n<meta property=\"og:site_name\" content=\"Malne\" \/>\n<meta property=\"article:publisher\" content=\"https:\/\/www.facebook.com\/malnemadrid\/\" \/>\n<meta property=\"article:published_time\" content=\"2026-04-04T08:09:01+00:00\" \/>\n<meta property=\"article:modified_time\" content=\"2026-04-20T11:36:33+00:00\" \/>\n<meta property=\"og:image\" content=\"https:\/\/malne.es\/wp-content\/uploads\/2025\/08\/eventos-moda-lujo-madrid-2025.jpg\" \/>\n\t<meta property=\"og:image:width\" content=\"1600\" \/>\n\t<meta property=\"og:image:height\" content=\"800\" \/>\n\t<meta property=\"og:image:type\" content=\"image\/jpeg\" \/>\n<meta name=\"author\" content=\"MALNE\" \/>\n<meta name=\"twitter:card\" content=\"summary_large_image\" \/>\n<meta name=\"twitter:creator\" content=\"@Malne_Official\" \/>\n<meta name=\"twitter:site\" content=\"@Malne_Official\" \/>\n<meta name=\"twitter:label1\" content=\"Written by\" \/>\n\t<meta name=\"twitter:data1\" content=\"MALNE\" \/>\n\t<meta name=\"twitter:label2\" content=\"Estimated reading time\" \/>\n\t<meta name=\"twitter:data2\" content=\"5 minutes\" \/>\n<script type=\"application\/ld+json\" class=\"yoast-schema-graph\">{\"@context\":\"https:\/\/schema.org\",\"@graph\":[{\"@type\":\"Article\",\"@id\":\"https:\/\/malne.es\/eventos-de-moda\/desfiles-de-moda-internacionales-febrero-y-marzo\/#article\",\"isPartOf\":{\"@id\":\"https:\/\/malne.es\/eventos-de-moda\/desfiles-de-moda-internacionales-febrero-y-marzo\/\"},\"author\":{\"name\":\"MALNE\",\"@id\":\"https:\/\/malne.es\/#\/schema\/person\/579d85ea12cec4ef071b7faaef298ecf\"},\"headline\":\"Desfiles de moda internacionales: los eventos clave entre febrero y marzo\",\"datePublished\":\"2026-04-04T08:09:01+00:00\",\"dateModified\":\"2026-04-20T11:36:33+00:00\",\"mainEntityOfPage\":{\"@id\":\"https:\/\/malne.es\/eventos-de-moda\/desfiles-de-moda-internacionales-febrero-y-marzo\/\"},\"wordCount\":1146,\"commentCount\":0,\"publisher\":{\"@id\":\"https:\/\/malne.es\/#organization\"},\"image\":{\"@id\":\"https:\/\/malne.es\/eventos-de-moda\/desfiles-de-moda-internacionales-febrero-y-marzo\/#primaryimage\"},\"thumbnailUrl\":\"https:\/\/malne.es\/wp-content\/uploads\/2025\/08\/eventos-moda-lujo-madrid-2025.jpg\",\"articleSection\":[\"Eventos de Moda\"],\"inLanguage\":\"en-GB\",\"potentialAction\":[{\"@type\":\"CommentAction\",\"name\":\"Comment\",\"target\":[\"https:\/\/malne.es\/eventos-de-moda\/desfiles-de-moda-internacionales-febrero-y-marzo\/#respond\"]}]},{\"@type\":\"WebPage\",\"@id\":\"https:\/\/malne.es\/eventos-de-moda\/desfiles-de-moda-internacionales-febrero-y-marzo\/\",\"url\":\"https:\/\/malne.es\/eventos-de-moda\/desfiles-de-moda-internacionales-febrero-y-marzo\/\",\"name\":\"Desfiles de moda internacionales: los eventos de febrero y marzo\",\"isPartOf\":{\"@id\":\"https:\/\/malne.es\/#website\"},\"primaryImageOfPage\":{\"@id\":\"https:\/\/malne.es\/eventos-de-moda\/desfiles-de-moda-internacionales-febrero-y-marzo\/#primaryimage\"},\"image\":{\"@id\":\"https:\/\/malne.es\/eventos-de-moda\/desfiles-de-moda-internacionales-febrero-y-marzo\/#primaryimage\"},\"thumbnailUrl\":\"https:\/\/malne.es\/wp-content\/uploads\/2025\/08\/eventos-moda-lujo-madrid-2025.jpg\",\"datePublished\":\"2026-04-04T08:09:01+00:00\",\"dateModified\":\"2026-04-20T11:36:33+00:00\",\"description\":\"Desfile de moda y Fashion Week 2026 | Pasarelas internacionales y alta costura\",\"breadcrumb\":{\"@id\":\"https:\/\/malne.es\/eventos-de-moda\/desfiles-de-moda-internacionales-febrero-y-marzo\/#breadcrumb\"},\"inLanguage\":\"en-GB\",\"potentialAction\":[{\"@type\":\"ReadAction\",\"target\":[\"https:\/\/malne.es\/eventos-de-moda\/desfiles-de-moda-internacionales-febrero-y-marzo\/\"]}]},{\"@type\":\"ImageObject\",\"inLanguage\":\"en-GB\",\"@id\":\"https:\/\/malne.es\/eventos-de-moda\/desfiles-de-moda-internacionales-febrero-y-marzo\/#primaryimage\",\"url\":\"https:\/\/malne.es\/wp-content\/uploads\/2025\/08\/eventos-moda-lujo-madrid-2025.jpg\",\"contentUrl\":\"https:\/\/malne.es\/wp-content\/uploads\/2025\/08\/eventos-moda-lujo-madrid-2025.jpg\",\"width\":1600,\"height\":800,\"caption\":\"Modelos desfilando en un desfile de moda internacional, evento clave del calendario de fashion weeks.\"},{\"@type\":\"BreadcrumbList\",\"@id\":\"https:\/\/malne.es\/eventos-de-moda\/desfiles-de-moda-internacionales-febrero-y-marzo\/#breadcrumb\",\"itemListElement\":[{\"@type\":\"ListItem\",\"position\":1,\"name\":\"Home\",\"item\":\"https:\/\/malne.es\/\"},{\"@type\":\"ListItem\",\"position\":2,\"name\":\"Desfiles de moda internacionales: los eventos clave entre febrero y marzo\"}]},{\"@type\":\"WebSite\",\"@id\":\"https:\/\/malne.es\/#website\",\"url\":\"https:\/\/malne.es\/\",\"name\":\"Malne\",\"description\":\"sitio oficial. Firma especializada en dise\u00f1o de pr\u00eat-\u00e0-porter y costura de prendas de lujo personalizado en ediciones limitadas.\",\"publisher\":{\"@id\":\"https:\/\/malne.es\/#organization\"},\"potentialAction\":[{\"@type\":\"SearchAction\",\"target\":{\"@type\":\"EntryPoint\",\"urlTemplate\":\"https:\/\/malne.es\/?s={search_term_string}\"},\"query-input\":{\"@type\":\"PropertyValueSpecification\",\"valueRequired\":true,\"valueName\":\"search_term_string\"}}],\"inLanguage\":\"en-GB\"},{\"@type\":\"Organization\",\"@id\":\"https:\/\/malne.es\/#organization\",\"name\":\"Malne\",\"url\":\"https:\/\/malne.es\/\",\"logo\":{\"@type\":\"ImageObject\",\"inLanguage\":\"en-GB\",\"@id\":\"https:\/\/malne.es\/#\/schema\/logo\/image\/\",\"url\":\"https:\/\/malne.es\/wp-content\/uploads\/2025\/02\/Modo_de_aislamiento.png\",\"contentUrl\":\"https:\/\/malne.es\/wp-content\/uploads\/2025\/02\/Modo_de_aislamiento.png\",\"width\":160,\"height\":50,\"caption\":\"Malne\"},\"image\":{\"@id\":\"https:\/\/malne.es\/#\/schema\/logo\/image\/\"},\"sameAs\":[\"https:\/\/www.facebook.com\/malnemadrid\/\",\"https:\/\/x.com\/Malne_Official\",\"https:\/\/www.instagram.com\/malne_official\/?hl=es\"]},{\"@type\":\"Person\",\"@id\":\"https:\/\/malne.es\/#\/schema\/person\/579d85ea12cec4ef071b7faaef298ecf\",\"name\":\"MALNE\",\"image\":{\"@type\":\"ImageObject\",\"inLanguage\":\"en-GB\",\"@id\":\"https:\/\/malne.es\/#\/schema\/person\/image\/\",\"url\":\"https:\/\/secure.gravatar.com\/avatar\/ae08289616bea7911814e52ce9fe2c6cc209f8ef15fa01f37eb73b7e36189b60?s=96&d=mm&r=g\",\"contentUrl\":\"https:\/\/secure.gravatar.com\/avatar\/ae08289616bea7911814e52ce9fe2c6cc209f8ef15fa01f37eb73b7e36189b60?s=96&d=mm&r=g\",\"caption\":\"MALNE\"},\"url\":\"https:\/\/malne.es\/en\/author\/malne\/\"}]}<\/script>\n<!-- \/ Yoast SEO plugin. -->","yoast_head_json":{"title":"International Fashion Shows: February and March Events","description":"Fashion Show and Fashion Week 2026 | International Catwalks and Haute Couture","robots":{"index":"index","follow":"follow","max-snippet":"max-snippet:-1","max-image-preview":"max-image-preview:large","max-video-preview":"max-video-preview:-1"},"canonical":"https:\/\/malne.es\/en\/fashion-events\/international-fashion-shows-february-and-march\/","og_locale":"en_GB","og_type":"article","og_title":"Desfiles de moda internacionales: los eventos de febrero y marzo","og_description":"Desfile de moda y Fashion Week 2026 | Pasarelas internacionales y alta costura","og_url":"https:\/\/malne.es\/en\/fashion-events\/international-fashion-shows-february-and-march\/","og_site_name":"Malne","article_publisher":"https:\/\/www.facebook.com\/malnemadrid\/","article_published_time":"2026-04-04T08:09:01+00:00","article_modified_time":"2026-04-20T11:36:33+00:00","og_image":[{"width":1600,"height":800,"url":"https:\/\/malne.es\/wp-content\/uploads\/2025\/08\/eventos-moda-lujo-madrid-2025.jpg","type":"image\/jpeg"}],"author":"MALNE","twitter_card":"summary_large_image","twitter_creator":"@Malne_Official","twitter_site":"@Malne_Official","twitter_misc":{"Written by":"MALNE","Estimated reading time":"5 minutes"},"schema":{"@context":"https:\/\/schema.org","@graph":[{"@type":"Article","@id":"https:\/\/malne.es\/eventos-de-moda\/desfiles-de-moda-internacionales-febrero-y-marzo\/#article","isPartOf":{"@id":"https:\/\/malne.es\/eventos-de-moda\/desfiles-de-moda-internacionales-febrero-y-marzo\/"},"author":{"name":"MALNE","@id":"https:\/\/malne.es\/#\/schema\/person\/579d85ea12cec4ef071b7faaef298ecf"},"headline":"Desfiles de moda internacionales: los eventos clave entre febrero y marzo","datePublished":"2026-04-04T08:09:01+00:00","dateModified":"2026-04-20T11:36:33+00:00","mainEntityOfPage":{"@id":"https:\/\/malne.es\/eventos-de-moda\/desfiles-de-moda-internacionales-febrero-y-marzo\/"},"wordCount":1146,"commentCount":0,"publisher":{"@id":"https:\/\/malne.es\/#organization"},"image":{"@id":"https:\/\/malne.es\/eventos-de-moda\/desfiles-de-moda-internacionales-febrero-y-marzo\/#primaryimage"},"thumbnailUrl":"https:\/\/malne.es\/wp-content\/uploads\/2025\/08\/eventos-moda-lujo-madrid-2025.jpg","articleSection":["Eventos de Moda"],"inLanguage":"en-GB","potentialAction":[{"@type":"CommentAction","name":"Comment","target":["https:\/\/malne.es\/eventos-de-moda\/desfiles-de-moda-internacionales-febrero-y-marzo\/#respond"]}]},{"@type":"WebPage","@id":"https:\/\/malne.es\/eventos-de-moda\/desfiles-de-moda-internacionales-febrero-y-marzo\/","url":"https:\/\/malne.es\/eventos-de-moda\/desfiles-de-moda-internacionales-febrero-y-marzo\/","name":"International Fashion Shows: February and March Events","isPartOf":{"@id":"https:\/\/malne.es\/#website"},"primaryImageOfPage":{"@id":"https:\/\/malne.es\/eventos-de-moda\/desfiles-de-moda-internacionales-febrero-y-marzo\/#primaryimage"},"image":{"@id":"https:\/\/malne.es\/eventos-de-moda\/desfiles-de-moda-internacionales-febrero-y-marzo\/#primaryimage"},"thumbnailUrl":"https:\/\/malne.es\/wp-content\/uploads\/2025\/08\/eventos-moda-lujo-madrid-2025.jpg","datePublished":"2026-04-04T08:09:01+00:00","dateModified":"2026-04-20T11:36:33+00:00","description":"Fashion Show and Fashion Week 2026 | International Catwalks and Haute Couture","breadcrumb":{"@id":"https:\/\/malne.es\/eventos-de-moda\/desfiles-de-moda-internacionales-febrero-y-marzo\/#breadcrumb"},"inLanguage":"en-GB","potentialAction":[{"@type":"ReadAction","target":["https:\/\/malne.es\/eventos-de-moda\/desfiles-de-moda-internacionales-febrero-y-marzo\/"]}]},{"@type":"ImageObject","inLanguage":"en-GB","@id":"https:\/\/malne.es\/eventos-de-moda\/desfiles-de-moda-internacionales-febrero-y-marzo\/#primaryimage","url":"https:\/\/malne.es\/wp-content\/uploads\/2025\/08\/eventos-moda-lujo-madrid-2025.jpg","contentUrl":"https:\/\/malne.es\/wp-content\/uploads\/2025\/08\/eventos-moda-lujo-madrid-2025.jpg","width":1600,"height":800,"caption":"Modelos desfilando en un desfile de moda internacional, evento clave del calendario de fashion weeks."},{"@type":"BreadcrumbList","@id":"https:\/\/malne.es\/eventos-de-moda\/desfiles-de-moda-internacionales-febrero-y-marzo\/#breadcrumb","itemListElement":[{"@type":"ListItem","position":1,"name":"Home","item":"https:\/\/malne.es\/"},{"@type":"ListItem","position":2,"name":"Desfiles de moda internacionales: los eventos clave entre febrero y marzo"}]},{"@type":"WebSite","@id":"https:\/\/malne.es\/#website","url":"https:\/\/malne.es\/","name":"Malne","description":"official website. The firm specialises in ready-to-wear design and sewing of luxury customised garments in limited editions.","publisher":{"@id":"https:\/\/malne.es\/#organization"},"potentialAction":[{"@type":"SearchAction","target":{"@type":"EntryPoint","urlTemplate":"https:\/\/malne.es\/?s={search_term_string}"},"query-input":{"@type":"PropertyValueSpecification","valueRequired":true,"valueName":"search_term_string"}}],"inLanguage":"en-GB"},{"@type":"Organization","@id":"https:\/\/malne.es\/#organization","name":"Malne","url":"https:\/\/malne.es\/","logo":{"@type":"ImageObject","inLanguage":"en-GB","@id":"https:\/\/malne.es\/#\/schema\/logo\/image\/","url":"https:\/\/malne.es\/wp-content\/uploads\/2025\/02\/Modo_de_aislamiento.png","contentUrl":"https:\/\/malne.es\/wp-content\/uploads\/2025\/02\/Modo_de_aislamiento.png","width":160,"height":50,"caption":"Malne"},"image":{"@id":"https:\/\/malne.es\/#\/schema\/logo\/image\/"},"sameAs":["https:\/\/www.facebook.com\/malnemadrid\/","https:\/\/x.com\/Malne_Official","https:\/\/www.instagram.com\/malne_official\/?hl=es"]},{"@type":"Person","@id":"https:\/\/malne.es\/#\/schema\/person\/579d85ea12cec4ef071b7faaef298ecf","name":"MALNE","image":{"@type":"ImageObject","inLanguage":"en-GB","@id":"https:\/\/malne.es\/#\/schema\/person\/image\/","url":"https:\/\/secure.gravatar.com\/avatar\/ae08289616bea7911814e52ce9fe2c6cc209f8ef15fa01f37eb73b7e36189b60?s=96&d=mm&r=g","contentUrl":"https:\/\/secure.gravatar.com\/avatar\/ae08289616bea7911814e52ce9fe2c6cc209f8ef15fa01f37eb73b7e36189b60?s=96&d=mm&r=g","caption":"MALNE"},"url":"https:\/\/malne.es\/en\/author\/malne\/"}]}},"_links":{"self":[{"href":"https:\/\/malne.es\/en\/wp-json\/wp\/v2\/posts\/3868","targetHints":{"allow":["GET"]}}],"collection":[{"href":"https:\/\/malne.es\/en\/wp-json\/wp\/v2\/posts"}],"about":[{"href":"https:\/\/malne.es\/en\/wp-json\/wp\/v2\/types\/post"}],"author":[{"embeddable":true,"href":"https:\/\/malne.es\/en\/wp-json\/wp\/v2\/users\/2"}],"replies":[{"embeddable":true,"href":"https:\/\/malne.es\/en\/wp-json\/wp\/v2\/comments?post=3868"}],"version-history":[{"count":3,"href":"https:\/\/malne.es\/en\/wp-json\/wp\/v2\/posts\/3868\/revisions"}],"predecessor-version":[{"id":3903,"href":"https:\/\/malne.es\/en\/wp-json\/wp\/v2\/posts\/3868\/revisions\/3903"}],"wp:featuredmedia":[{"embeddable":true,"href":"https:\/\/malne.es\/en\/wp-json\/wp\/v2\/media\/3150"}],"wp:attachment":[{"href":"https:\/\/malne.es\/en\/wp-json\/wp\/v2\/media?parent=3868"}],"wp:term":[{"taxonomy":"category","embeddable":true,"href":"https:\/\/malne.es\/en\/wp-json\/wp\/v2\/categories?post=3868"},{"taxonomy":"post_tag","embeddable":true,"href":"https:\/\/malne.es\/en\/wp-json\/wp\/v2\/tags?post=3868"}],"curies":[{"name":"wp","href":"https:\/\/api.w.org\/{rel}","templated":true}]}}