{"id":3801,"date":"2026-03-21T08:30:00","date_gmt":"2026-03-21T07:30:00","guid":{"rendered":"https:\/\/malne.es\/?p=3801"},"modified":"2026-04-20T13:34:42","modified_gmt":"2026-04-20T11:34:42","slug":"memory-fabrics-choice-of-noble-materials","status":"publish","type":"post","link":"https:\/\/malne.es\/en\/moda-malne-la-maison\/los-tejidos-de-la-memoria-eleccion-de-materiales-nobles\/","title":{"rendered":"Memory fabrics: choice of noble materials"},"content":{"rendered":"<blockquote class=\"wp-block-quote is-layout-flow wp-block-quote-is-layout-flow\">\n<p><em>\u201cTrue luxury is not shown: it is lived. It is sensed in the silence of an atelier, in the time spent listening, in the precision of a hand that sews without haste\u201d.\u201d<\/em><\/p>\n<\/blockquote>\n\n\n\n<p><em>There are materials that not only clothe the body, but also make it <strong>accompany in time<\/strong>. Fabrics that absorb gestures, celebrations, silences. In handmade fashion, the choice of fabrics and the <strong>fabrics and materials<\/strong> is the starting point of a lasting relationship between the garment and the person who lives in it.<\/em><\/p>\n\n\n\n<p><em>Talking about <\/em><a href=\"https:\/\/malne.es\/en\/collection\/malne-online\/\"><strong><em>fabric for women's dresses<\/em><\/strong><\/a><em> is to talk about memory. How a textile fibre can become an intimate archive, a sensory heritage, a history that is not written with words, but with use.<\/em><\/p>\n\n\n\n<h2 class=\"wp-block-heading\">The fabric as a living archive<\/h2>\n\n\n\n<p><em>In the garments constructed from the craft, the fabric never remains static. It evolves. It changes with the body. It adapts to the rhythm of life. That is why, in haute couture and in artisanal fashion, caring for a garment is also <strong>nurturing a story<\/strong>.<\/em><\/p>\n\n\n\n<p><em>The marks of use, the creases softened by time or the natural patina that a noble material acquires make each piece unrepeatable. These garments do not belong only to the present: they are transformed in <strong>aesthetic and emotional memory<\/strong>, capable of accompanying several generations.<\/em><\/p>\n\n\n\n<p><em>The <strong>textile fibre<\/strong>, When it is natural and of high quality, it is not exhausted; it expresses itself.<\/em><\/p>\n\n\n\n<figure class=\"wp-block-image size-full\"><img loading=\"lazy\" decoding=\"async\" width=\"789\" height=\"783\" src=\"https:\/\/malne.es\/wp-content\/uploads\/2026\/03\/detalle-maniqui-con-vestido-de-tejidos-nobles-Malne.jpg\" alt=\"Black design detail by Malne with frayed textile flower\" class=\"wp-image-3804\" srcset=\"https:\/\/malne.es\/wp-content\/uploads\/2026\/03\/detalle-maniqui-con-vestido-de-tejidos-nobles-Malne.jpg 789w, https:\/\/malne.es\/wp-content\/uploads\/2026\/03\/detalle-maniqui-con-vestido-de-tejidos-nobles-Malne-300x298.jpg 300w, https:\/\/malne.es\/wp-content\/uploads\/2026\/03\/detalle-maniqui-con-vestido-de-tejidos-nobles-Malne-150x150.jpg 150w, https:\/\/malne.es\/wp-content\/uploads\/2026\/03\/detalle-maniqui-con-vestido-de-tejidos-nobles-Malne-768x762.jpg 768w, https:\/\/malne.es\/wp-content\/uploads\/2026\/03\/detalle-maniqui-con-vestido-de-tejidos-nobles-Malne-12x12.jpg 12w, https:\/\/malne.es\/wp-content\/uploads\/2026\/03\/detalle-maniqui-con-vestido-de-tejidos-nobles-Malne-140x140.jpg 140w, https:\/\/malne.es\/wp-content\/uploads\/2026\/03\/detalle-maniqui-con-vestido-de-tejidos-nobles-Malne-50x50.jpg 50w, https:\/\/malne.es\/wp-content\/uploads\/2026\/03\/detalle-maniqui-con-vestido-de-tejidos-nobles-Malne-100x100.jpg 100w\" sizes=\"auto, (max-width: 789px) 100vw, 789px\" \/><\/figure>\n\n\n\n<h2 class=\"wp-block-heading\">The sensory basis of handcrafted luxury<\/h2>\n\n\n\n<p><em>Luxury begins before form. It begins in the touch, in the weight, in the fabric's response to movement. Noble materials have a pulse of their own, a unique way of dialoguing with the body.<\/em><\/p>\n\n\n\n<ul class=\"wp-block-list\">\n<li><strong><em>Silk<\/em><\/strong><em> is the beginning and the end of luxury. Its shine does not reflect the light, it contains it. Its fall is fluid, its sound almost musical as it brushes against the skin.<\/em><\/li>\n\n\n\n<li><strong><em>The mikado<\/em><\/strong><em> provides structure and precision. It is a fabric for women's dresses that allows the construction of architectural volumes without rigidity.<\/em><\/li>\n\n\n\n<li><strong><em>The gazar<\/em><\/strong><em> supports the shape with lightness, ideal for silhouettes that seek presence without visual weight.<\/em><\/li>\n\n\n\n<li><strong><em>The crepe<\/em><\/strong><em> introduces contained movement: it falls, accompanies, softens the silhouette without imposing itself.<\/em><\/li>\n<\/ul>\n\n\n\n<p><em>Each of these <strong>types of fabrics<\/strong> not only defines an aesthetic, but a way of being in the world.<\/em><\/p>\n\n\n\n<h2 class=\"wp-block-heading\">Choosing noble materials as an ethical gesture<\/h2>\n\n\n\n<p><em>Opt for <strong>natural fibres<\/strong> -quality silks, wools, cottons - is also a conscious decision. It does not respond to urgency, but to respect for the material and the processes that transform it.<\/em><\/p>\n\n\n\n<p><em>In a context where fast fashion depletes fabrics and meanings, handcrafted luxury is betting on the <strong>durability<\/strong>, The materials used to make the garments stand the test of time without losing their beauty. Embroideries made in the atelier, hand-painted fabrics or careful textile manipulations turn each garment into a work of art that does not need to be repeated to exist.<\/em><\/p>\n\n\n\n<h2 class=\"wp-block-heading\">Textile heritage and collective memory<\/h2>\n\n\n\n<p><em>Every weaving keeps a memory of manufacture. A way of making passed down from generation to generation. Recovering textile archives, working with traditional materials or reinterpreting historical techniques makes it possible to <strong>activating the past in a contemporary key<\/strong>.<\/em><\/p>\n\n\n\n<p><em>This conservation is alive. The noble fabric becomes a bridge between tradition and modern creativity, strengthening the identity of a garment and of the person who chooses it.<\/em><\/p>\n\n\n\n<h2 class=\"wp-block-heading\">Growing old gracefully<\/h2>\n\n\n\n<p><em>In contrast to synthetic materials, fine fabrics, which are <strong>age with dignity<\/strong>. The marks of time do not detract from value: they amplify it. A well-made patch, a reinforced seam, a texture softened by the years add layers of meaning.<\/em><\/p>\n\n\n\n<p><em>To wear a garment made of noble materials is to prolong the memory of the body, of art and of time. It is to accept that true luxury does not remain untouched, but rather that it <strong>transforms with you<\/strong>.<\/em><\/p>\n\n\n\n<div class=\"wp-block-group is-layout-constrained wp-block-group-is-layout-constrained\">\n<div class=\"wp-block-buttons is-content-justification-center is-nowrap is-layout-flex wp-container-core-buttons-is-layout-94bc23d7 wp-block-buttons-is-layout-flex\">\n<div class=\"wp-block-button\"><a class=\"wp-block-button__link wp-element-button\" href=\"https:\/\/malne.es\/en\/contact\/\">It all starts with a conversation<\/a><\/div>\n<\/div>\n\n\n\n<div style=\"height:100px\" aria-hidden=\"true\" class=\"wp-block-spacer\"><\/div>\n<\/div>","protected":false},"excerpt":{"rendered":"<p>The choice of fabrics defines the memory of a garment. Natural fibres and noble materials that follow the body.<\/p>","protected":false},"author":2,"featured_media":3803,"comment_status":"open","ping_status":"open","sticky":false,"template":"","format":"standard","meta":{"_acf_changed":false,"inline_featured_image":false,"footnotes":""},"categories":[18],"tags":[],"class_list":{"0":"post-3801","1":"post","2":"type-post","3":"status-publish","4":"format-standard","5":"has-post-thumbnail","7":"category-moda-malne-la-maison"},"acf":[],"yoast_head":"<!-- This site is optimized with the Yoast SEO plugin v25.5 - https:\/\/yoast.com\/wordpress\/plugins\/seo\/ -->\n<title>Los tejidos de la memoria | Materiales nobles en moda artesanal<\/title>\n<meta name=\"description\" content=\"Sedas, mikados, gazares y brocados: una reflexi\u00f3n sobre tejidos y materiales nobles que construyen la base sensorial del lujo artesanal.\" \/>\n<meta name=\"robots\" content=\"index, follow, max-snippet:-1, max-image-preview:large, max-video-preview:-1\" \/>\n<link rel=\"canonical\" href=\"https:\/\/malne.es\/en\/fashion-malne-la-maison\/memory-fabrics-choice-of-noble-materials\/\" \/>\n<meta property=\"og:locale\" content=\"en_GB\" \/>\n<meta property=\"og:type\" content=\"article\" \/>\n<meta property=\"og:title\" content=\"Los tejidos de la memoria | Materiales nobles en moda artesanal\" \/>\n<meta property=\"og:description\" content=\"Sedas, mikados, gazares y brocados: una reflexi\u00f3n sobre tejidos y materiales nobles que construyen la base sensorial del lujo artesanal.\" \/>\n<meta property=\"og:url\" content=\"https:\/\/malne.es\/en\/fashion-malne-la-maison\/memory-fabrics-choice-of-noble-materials\/\" \/>\n<meta property=\"og:site_name\" content=\"Malne\" \/>\n<meta property=\"article:publisher\" content=\"https:\/\/www.facebook.com\/malnemadrid\/\" \/>\n<meta property=\"article:published_time\" content=\"2026-03-21T07:30:00+00:00\" \/>\n<meta property=\"article:modified_time\" content=\"2026-04-20T11:34:42+00:00\" \/>\n<meta property=\"og:image\" content=\"https:\/\/malne.es\/wp-content\/uploads\/2026\/03\/plano-detalle-tejidos-nobles-Malne.jpg\" \/>\n\t<meta property=\"og:image:width\" content=\"1029\" \/>\n\t<meta property=\"og:image:height\" content=\"799\" \/>\n\t<meta property=\"og:image:type\" content=\"image\/jpeg\" \/>\n<meta name=\"author\" content=\"MALNE\" \/>\n<meta name=\"twitter:card\" content=\"summary_large_image\" \/>\n<meta name=\"twitter:creator\" content=\"@Malne_Official\" \/>\n<meta name=\"twitter:site\" content=\"@Malne_Official\" \/>\n<meta name=\"twitter:label1\" content=\"Written by\" \/>\n\t<meta name=\"twitter:data1\" content=\"MALNE\" \/>\n\t<meta name=\"twitter:label2\" content=\"Estimated reading time\" \/>\n\t<meta name=\"twitter:data2\" content=\"6 minutes\" \/>\n<script type=\"application\/ld+json\" class=\"yoast-schema-graph\">{\"@context\":\"https:\/\/schema.org\",\"@graph\":[{\"@type\":\"Article\",\"@id\":\"https:\/\/malne.es\/moda-malne-la-maison\/los-tejidos-de-la-memoria-eleccion-de-materiales-nobles\/#article\",\"isPartOf\":{\"@id\":\"https:\/\/malne.es\/moda-malne-la-maison\/los-tejidos-de-la-memoria-eleccion-de-materiales-nobles\/\"},\"author\":{\"name\":\"MALNE\",\"@id\":\"https:\/\/malne.es\/#\/schema\/person\/579d85ea12cec4ef071b7faaef298ecf\"},\"headline\":\"Los tejidos de la memoria: elecci\u00f3n de materiales nobles\",\"datePublished\":\"2026-03-21T07:30:00+00:00\",\"dateModified\":\"2026-04-20T11:34:42+00:00\",\"mainEntityOfPage\":{\"@id\":\"https:\/\/malne.es\/moda-malne-la-maison\/los-tejidos-de-la-memoria-eleccion-de-materiales-nobles\/\"},\"wordCount\":636,\"commentCount\":0,\"publisher\":{\"@id\":\"https:\/\/malne.es\/#organization\"},\"image\":{\"@id\":\"https:\/\/malne.es\/moda-malne-la-maison\/los-tejidos-de-la-memoria-eleccion-de-materiales-nobles\/#primaryimage\"},\"thumbnailUrl\":\"https:\/\/malne.es\/wp-content\/uploads\/2026\/03\/plano-detalle-tejidos-nobles-Malne.jpg\",\"articleSection\":[\"Moda\"],\"inLanguage\":\"en-GB\",\"potentialAction\":[{\"@type\":\"CommentAction\",\"name\":\"Comment\",\"target\":[\"https:\/\/malne.es\/moda-malne-la-maison\/los-tejidos-de-la-memoria-eleccion-de-materiales-nobles\/#respond\"]}]},{\"@type\":\"WebPage\",\"@id\":\"https:\/\/malne.es\/moda-malne-la-maison\/los-tejidos-de-la-memoria-eleccion-de-materiales-nobles\/\",\"url\":\"https:\/\/malne.es\/moda-malne-la-maison\/los-tejidos-de-la-memoria-eleccion-de-materiales-nobles\/\",\"name\":\"Los tejidos de la memoria | Materiales nobles en moda artesanal\",\"isPartOf\":{\"@id\":\"https:\/\/malne.es\/#website\"},\"primaryImageOfPage\":{\"@id\":\"https:\/\/malne.es\/moda-malne-la-maison\/los-tejidos-de-la-memoria-eleccion-de-materiales-nobles\/#primaryimage\"},\"image\":{\"@id\":\"https:\/\/malne.es\/moda-malne-la-maison\/los-tejidos-de-la-memoria-eleccion-de-materiales-nobles\/#primaryimage\"},\"thumbnailUrl\":\"https:\/\/malne.es\/wp-content\/uploads\/2026\/03\/plano-detalle-tejidos-nobles-Malne.jpg\",\"datePublished\":\"2026-03-21T07:30:00+00:00\",\"dateModified\":\"2026-04-20T11:34:42+00:00\",\"description\":\"Sedas, mikados, gazares y brocados: una reflexi\u00f3n sobre tejidos y materiales nobles que construyen la base sensorial del lujo artesanal.\",\"breadcrumb\":{\"@id\":\"https:\/\/malne.es\/moda-malne-la-maison\/los-tejidos-de-la-memoria-eleccion-de-materiales-nobles\/#breadcrumb\"},\"inLanguage\":\"en-GB\",\"potentialAction\":[{\"@type\":\"ReadAction\",\"target\":[\"https:\/\/malne.es\/moda-malne-la-maison\/los-tejidos-de-la-memoria-eleccion-de-materiales-nobles\/\"]}]},{\"@type\":\"ImageObject\",\"inLanguage\":\"en-GB\",\"@id\":\"https:\/\/malne.es\/moda-malne-la-maison\/los-tejidos-de-la-memoria-eleccion-de-materiales-nobles\/#primaryimage\",\"url\":\"https:\/\/malne.es\/wp-content\/uploads\/2026\/03\/plano-detalle-tejidos-nobles-Malne.jpg\",\"contentUrl\":\"https:\/\/malne.es\/wp-content\/uploads\/2026\/03\/plano-detalle-tejidos-nobles-Malne.jpg\",\"width\":1029,\"height\":799,\"caption\":\"Tejidos nobles y fibras naturales para vestidos de mujer, sedas y mikados utilizados en moda artesanal\"},{\"@type\":\"BreadcrumbList\",\"@id\":\"https:\/\/malne.es\/moda-malne-la-maison\/los-tejidos-de-la-memoria-eleccion-de-materiales-nobles\/#breadcrumb\",\"itemListElement\":[{\"@type\":\"ListItem\",\"position\":1,\"name\":\"Home\",\"item\":\"https:\/\/malne.es\/\"},{\"@type\":\"ListItem\",\"position\":2,\"name\":\"Los tejidos de la memoria: elecci\u00f3n de materiales nobles\"}]},{\"@type\":\"WebSite\",\"@id\":\"https:\/\/malne.es\/#website\",\"url\":\"https:\/\/malne.es\/\",\"name\":\"Malne\",\"description\":\"sitio oficial. Firma especializada en dise\u00f1o de pr\u00eat-\u00e0-porter y costura de prendas de lujo personalizado en ediciones limitadas.\",\"publisher\":{\"@id\":\"https:\/\/malne.es\/#organization\"},\"potentialAction\":[{\"@type\":\"SearchAction\",\"target\":{\"@type\":\"EntryPoint\",\"urlTemplate\":\"https:\/\/malne.es\/?s={search_term_string}\"},\"query-input\":{\"@type\":\"PropertyValueSpecification\",\"valueRequired\":true,\"valueName\":\"search_term_string\"}}],\"inLanguage\":\"en-GB\"},{\"@type\":\"Organization\",\"@id\":\"https:\/\/malne.es\/#organization\",\"name\":\"Malne\",\"url\":\"https:\/\/malne.es\/\",\"logo\":{\"@type\":\"ImageObject\",\"inLanguage\":\"en-GB\",\"@id\":\"https:\/\/malne.es\/#\/schema\/logo\/image\/\",\"url\":\"https:\/\/malne.es\/wp-content\/uploads\/2025\/02\/Modo_de_aislamiento.png\",\"contentUrl\":\"https:\/\/malne.es\/wp-content\/uploads\/2025\/02\/Modo_de_aislamiento.png\",\"width\":160,\"height\":50,\"caption\":\"Malne\"},\"image\":{\"@id\":\"https:\/\/malne.es\/#\/schema\/logo\/image\/\"},\"sameAs\":[\"https:\/\/www.facebook.com\/malnemadrid\/\",\"https:\/\/x.com\/Malne_Official\",\"https:\/\/www.instagram.com\/malne_official\/?hl=es\"]},{\"@type\":\"Person\",\"@id\":\"https:\/\/malne.es\/#\/schema\/person\/579d85ea12cec4ef071b7faaef298ecf\",\"name\":\"MALNE\",\"image\":{\"@type\":\"ImageObject\",\"inLanguage\":\"en-GB\",\"@id\":\"https:\/\/malne.es\/#\/schema\/person\/image\/\",\"url\":\"https:\/\/secure.gravatar.com\/avatar\/ae08289616bea7911814e52ce9fe2c6cc209f8ef15fa01f37eb73b7e36189b60?s=96&d=mm&r=g\",\"contentUrl\":\"https:\/\/secure.gravatar.com\/avatar\/ae08289616bea7911814e52ce9fe2c6cc209f8ef15fa01f37eb73b7e36189b60?s=96&d=mm&r=g\",\"caption\":\"MALNE\"},\"url\":\"https:\/\/malne.es\/en\/author\/malne\/\"}]}<\/script>\n<!-- \/ Yoast SEO plugin. -->","yoast_head_json":{"title":"The fabrics of memory | Noble materials in handcrafted fashion","description":"Silks, mikados, gazars and brocades: a reflection on fabrics and noble materials that build the sensorial base of handcrafted luxury.","robots":{"index":"index","follow":"follow","max-snippet":"max-snippet:-1","max-image-preview":"max-image-preview:large","max-video-preview":"max-video-preview:-1"},"canonical":"https:\/\/malne.es\/en\/fashion-malne-la-maison\/memory-fabrics-choice-of-noble-materials\/","og_locale":"en_GB","og_type":"article","og_title":"Los tejidos de la memoria | Materiales nobles en moda artesanal","og_description":"Sedas, mikados, gazares y brocados: una reflexi\u00f3n sobre tejidos y materiales nobles que construyen la base sensorial del lujo artesanal.","og_url":"https:\/\/malne.es\/en\/fashion-malne-la-maison\/memory-fabrics-choice-of-noble-materials\/","og_site_name":"Malne","article_publisher":"https:\/\/www.facebook.com\/malnemadrid\/","article_published_time":"2026-03-21T07:30:00+00:00","article_modified_time":"2026-04-20T11:34:42+00:00","og_image":[{"width":1029,"height":799,"url":"https:\/\/malne.es\/wp-content\/uploads\/2026\/03\/plano-detalle-tejidos-nobles-Malne.jpg","type":"image\/jpeg"}],"author":"MALNE","twitter_card":"summary_large_image","twitter_creator":"@Malne_Official","twitter_site":"@Malne_Official","twitter_misc":{"Written by":"MALNE","Estimated reading time":"6 minutes"},"schema":{"@context":"https:\/\/schema.org","@graph":[{"@type":"Article","@id":"https:\/\/malne.es\/moda-malne-la-maison\/los-tejidos-de-la-memoria-eleccion-de-materiales-nobles\/#article","isPartOf":{"@id":"https:\/\/malne.es\/moda-malne-la-maison\/los-tejidos-de-la-memoria-eleccion-de-materiales-nobles\/"},"author":{"name":"MALNE","@id":"https:\/\/malne.es\/#\/schema\/person\/579d85ea12cec4ef071b7faaef298ecf"},"headline":"Los tejidos de la memoria: elecci\u00f3n de materiales nobles","datePublished":"2026-03-21T07:30:00+00:00","dateModified":"2026-04-20T11:34:42+00:00","mainEntityOfPage":{"@id":"https:\/\/malne.es\/moda-malne-la-maison\/los-tejidos-de-la-memoria-eleccion-de-materiales-nobles\/"},"wordCount":636,"commentCount":0,"publisher":{"@id":"https:\/\/malne.es\/#organization"},"image":{"@id":"https:\/\/malne.es\/moda-malne-la-maison\/los-tejidos-de-la-memoria-eleccion-de-materiales-nobles\/#primaryimage"},"thumbnailUrl":"https:\/\/malne.es\/wp-content\/uploads\/2026\/03\/plano-detalle-tejidos-nobles-Malne.jpg","articleSection":["Moda"],"inLanguage":"en-GB","potentialAction":[{"@type":"CommentAction","name":"Comment","target":["https:\/\/malne.es\/moda-malne-la-maison\/los-tejidos-de-la-memoria-eleccion-de-materiales-nobles\/#respond"]}]},{"@type":"WebPage","@id":"https:\/\/malne.es\/moda-malne-la-maison\/los-tejidos-de-la-memoria-eleccion-de-materiales-nobles\/","url":"https:\/\/malne.es\/moda-malne-la-maison\/los-tejidos-de-la-memoria-eleccion-de-materiales-nobles\/","name":"The fabrics of memory | Noble materials in handcrafted fashion","isPartOf":{"@id":"https:\/\/malne.es\/#website"},"primaryImageOfPage":{"@id":"https:\/\/malne.es\/moda-malne-la-maison\/los-tejidos-de-la-memoria-eleccion-de-materiales-nobles\/#primaryimage"},"image":{"@id":"https:\/\/malne.es\/moda-malne-la-maison\/los-tejidos-de-la-memoria-eleccion-de-materiales-nobles\/#primaryimage"},"thumbnailUrl":"https:\/\/malne.es\/wp-content\/uploads\/2026\/03\/plano-detalle-tejidos-nobles-Malne.jpg","datePublished":"2026-03-21T07:30:00+00:00","dateModified":"2026-04-20T11:34:42+00:00","description":"Silks, mikados, gazars and brocades: a reflection on fabrics and noble materials that build the sensorial base of handcrafted luxury.","breadcrumb":{"@id":"https:\/\/malne.es\/moda-malne-la-maison\/los-tejidos-de-la-memoria-eleccion-de-materiales-nobles\/#breadcrumb"},"inLanguage":"en-GB","potentialAction":[{"@type":"ReadAction","target":["https:\/\/malne.es\/moda-malne-la-maison\/los-tejidos-de-la-memoria-eleccion-de-materiales-nobles\/"]}]},{"@type":"ImageObject","inLanguage":"en-GB","@id":"https:\/\/malne.es\/moda-malne-la-maison\/los-tejidos-de-la-memoria-eleccion-de-materiales-nobles\/#primaryimage","url":"https:\/\/malne.es\/wp-content\/uploads\/2026\/03\/plano-detalle-tejidos-nobles-Malne.jpg","contentUrl":"https:\/\/malne.es\/wp-content\/uploads\/2026\/03\/plano-detalle-tejidos-nobles-Malne.jpg","width":1029,"height":799,"caption":"Tejidos nobles y fibras naturales para vestidos de mujer, sedas y mikados utilizados en moda artesanal"},{"@type":"BreadcrumbList","@id":"https:\/\/malne.es\/moda-malne-la-maison\/los-tejidos-de-la-memoria-eleccion-de-materiales-nobles\/#breadcrumb","itemListElement":[{"@type":"ListItem","position":1,"name":"Home","item":"https:\/\/malne.es\/"},{"@type":"ListItem","position":2,"name":"Los tejidos de la memoria: elecci\u00f3n de materiales nobles"}]},{"@type":"WebSite","@id":"https:\/\/malne.es\/#website","url":"https:\/\/malne.es\/","name":"Malne","description":"official website. The firm specialises in ready-to-wear design and sewing of luxury customised garments in limited editions.","publisher":{"@id":"https:\/\/malne.es\/#organization"},"potentialAction":[{"@type":"SearchAction","target":{"@type":"EntryPoint","urlTemplate":"https:\/\/malne.es\/?s={search_term_string}"},"query-input":{"@type":"PropertyValueSpecification","valueRequired":true,"valueName":"search_term_string"}}],"inLanguage":"en-GB"},{"@type":"Organization","@id":"https:\/\/malne.es\/#organization","name":"Malne","url":"https:\/\/malne.es\/","logo":{"@type":"ImageObject","inLanguage":"en-GB","@id":"https:\/\/malne.es\/#\/schema\/logo\/image\/","url":"https:\/\/malne.es\/wp-content\/uploads\/2025\/02\/Modo_de_aislamiento.png","contentUrl":"https:\/\/malne.es\/wp-content\/uploads\/2025\/02\/Modo_de_aislamiento.png","width":160,"height":50,"caption":"Malne"},"image":{"@id":"https:\/\/malne.es\/#\/schema\/logo\/image\/"},"sameAs":["https:\/\/www.facebook.com\/malnemadrid\/","https:\/\/x.com\/Malne_Official","https:\/\/www.instagram.com\/malne_official\/?hl=es"]},{"@type":"Person","@id":"https:\/\/malne.es\/#\/schema\/person\/579d85ea12cec4ef071b7faaef298ecf","name":"MALNE","image":{"@type":"ImageObject","inLanguage":"en-GB","@id":"https:\/\/malne.es\/#\/schema\/person\/image\/","url":"https:\/\/secure.gravatar.com\/avatar\/ae08289616bea7911814e52ce9fe2c6cc209f8ef15fa01f37eb73b7e36189b60?s=96&d=mm&r=g","contentUrl":"https:\/\/secure.gravatar.com\/avatar\/ae08289616bea7911814e52ce9fe2c6cc209f8ef15fa01f37eb73b7e36189b60?s=96&d=mm&r=g","caption":"MALNE"},"url":"https:\/\/malne.es\/en\/author\/malne\/"}]}},"_links":{"self":[{"href":"https:\/\/malne.es\/en\/wp-json\/wp\/v2\/posts\/3801","targetHints":{"allow":["GET"]}}],"collection":[{"href":"https:\/\/malne.es\/en\/wp-json\/wp\/v2\/posts"}],"about":[{"href":"https:\/\/malne.es\/en\/wp-json\/wp\/v2\/types\/post"}],"author":[{"embeddable":true,"href":"https:\/\/malne.es\/en\/wp-json\/wp\/v2\/users\/2"}],"replies":[{"embeddable":true,"href":"https:\/\/malne.es\/en\/wp-json\/wp\/v2\/comments?post=3801"}],"version-history":[{"count":3,"href":"https:\/\/malne.es\/en\/wp-json\/wp\/v2\/posts\/3801\/revisions"}],"predecessor-version":[{"id":3902,"href":"https:\/\/malne.es\/en\/wp-json\/wp\/v2\/posts\/3801\/revisions\/3902"}],"wp:featuredmedia":[{"embeddable":true,"href":"https:\/\/malne.es\/en\/wp-json\/wp\/v2\/media\/3803"}],"wp:attachment":[{"href":"https:\/\/malne.es\/en\/wp-json\/wp\/v2\/media?parent=3801"}],"wp:term":[{"taxonomy":"category","embeddable":true,"href":"https:\/\/malne.es\/en\/wp-json\/wp\/v2\/categories?post=3801"},{"taxonomy":"post_tag","embeddable":true,"href":"https:\/\/malne.es\/en\/wp-json\/wp\/v2\/tags?post=3801"}],"curies":[{"name":"wp","href":"https:\/\/api.w.org\/{rel}","templated":true}]}}