{"id":3272,"date":"2025-10-03T11:06:54","date_gmt":"2025-10-03T09:06:54","guid":{"rendered":"https:\/\/malne.es\/?p=3272"},"modified":"2026-02-26T13:33:22","modified_gmt":"2026-02-26T12:33:22","slug":"slow-fashion-designed-without-haste-or-waste","status":"publish","type":"post","link":"https:\/\/malne.es\/en\/slow-fashion\/moda-slow-disenada-sin-prisa-ni-residuos\/","title":{"rendered":"From atelier to wardrobe: slow fashion designed without haste or waste."},"content":{"rendered":"<blockquote class=\"wp-block-quote is-layout-flow wp-block-quote-is-layout-flow\">\n<p><em>\"What is truly valuable is not what glitters, but what remains\".<\/em>\u00a0<\/p>\n<\/blockquote>\n\n\n\n<p>We live surrounded by excess: clothes that last a season, synthetic fabrics that end up in the ocean, production cycles that deplete resources and people. The fashion industry is now one of the most polluting industries on the planet, and this reality can no longer be ignored. Faced with this panorama, new ways of creating, dressing and inhabiting the wardrobe are emerging.&nbsp;<\/p>\n\n\n\n<p><strong>Choose <\/strong><a href=\"https:\/\/malne.es\/en\/slow-fashion\/impact-of-sustainable-fashion\/\" target=\"_blank\" rel=\"noreferrer noopener\"><strong>sustainable clothing<\/strong><\/a><strong> for women<\/strong> is not just a question of aesthetics. It is an act of conscience. A way of taking care of what surrounds us and, at the same time, dressing who we really are.\u00a0<\/p>\n\n\n\n<h2 class=\"wp-block-heading\">A decision that runs through the garment\u00a0<\/h2>\n\n\n\n<p>The <strong>slow fashion<\/strong>as we understand it in our <strong>atelier in Madrid<\/strong>was born precisely from this need to rethink everything: rhythms, materials, quantities. We are committed to a <strong>responsible fashion production<\/strong>where each garment is designed with meaning, made with respect and delivered as what it is: a work that does not compromise the planet or those who inhabit it.&nbsp;<\/p>\n\n\n\n<p>This way of working responds to a profound need: to move away from the inertia of fast fashion and recover the value of the craft. We are guided by a clear principle: sustainability in every step of the process. <strong>Produce only what is necessary, for real, meaningful and soulful people.<\/strong>.&nbsp;<\/p>\n\n\n\n<h2 class=\"wp-block-heading\">Creating without leaving a trace\u00a0<\/h2>\n\n\n\n<p>At Malne, we believe that excellence need not leave a trace of waste. That's why we are increasingly exploring techniques linked to the <strong>waste-free fashion<\/strong>The collection is made up of a wide range of materials: patterns that optimise the use of fabrics, intelligent cuts that avoid unnecessary waste and a total use of the noble materials that we choose for each collection.&nbsp;<\/p>\n\n\n\n<p>This sensibility connects with ancient traditions - such as Japanese kimonos or Indian saris - where every centimetre of fabric had a purpose. Today, that look becomes urgent. And for us, it is deeply inspiring.&nbsp;<\/p>\n\n\n\n<h2 class=\"wp-block-heading\">Fabrics that breathe the future\u00a0<\/h2>\n\n\n\n<p>Material choices also speak for themselves. In our collections we work with <strong>sustainable textiles<\/strong>selected for their durability, natural beauty and low environmental impact in ethical fashion:&nbsp;<\/p>\n\n\n\n<ul class=\"wp-block-list\">\n<li>Linens\u00a0<\/li>\n<\/ul>\n\n\n\n<ul class=\"wp-block-list\">\n<li>wool treated without aggressive chemicals\u00a0<\/li>\n<\/ul>\n\n\n\n<ul class=\"wp-block-list\">\n<li>organic cottons\u00a0<\/li>\n<\/ul>\n\n\n\n<ul class=\"wp-block-list\">\n<li>innovative fibres such as Lyocell\u00a0<\/li>\n<\/ul>\n\n\n\n<p>We think of women who are looking for more than just a garment. <strong>Women who want sustainable clothing<\/strong>That adapt to their bodies and their rhythms, that do not need to be replaced the following year. That they stay. To be inherited as part of an ethical and responsible fashion.&nbsp;<\/p>\n\n\n\n<h2 class=\"wp-block-heading\">Thinking about the aftermath\u00a0<\/h2>\n\n\n\n<p>A garment does not run out when it is worn for the first time. That's why we integrate the logic of circular economy and sustainable fashion into our creative process. Not only do we want to reduce the impact of what we do, but we want to <strong>create parts that can be transformed, repaired, repaired, repaired, repaired, repaired, repaired, repaired, repaired, repaired, repaired.<\/strong>. The <strong>waste-free fashion<\/strong> is not only in the pattern, but also in the attitude: to take care of what we have, to extend its useful life, to look at a piece with new eyes.&nbsp;<\/p>\n\n\n\n<p>In times where the disposable is normalised, every customer who chooses a Malne garment is defending something deeper: a more serene, more conscious way of living, more in tune with her values.&nbsp;<\/p>\n\n\n\n<h2 class=\"wp-block-heading\">True luxury\u00a0<\/h2>\n\n\n\n<p>For us, luxury is not in accumulation, nor in ostentation. It is in coherence. In being able to look at a garment and know who made it, with what materials, under what conditions. In knowing that what we wear does not contradict what we think.&nbsp;<\/p>\n\n\n\n<p>This is how we understand luxury: as a careful choice based on respect. For the body. For the planet. For time. And for the hands that make it possible.&nbsp;<\/p>\n\n\n\n<h2 class=\"wp-block-heading\">An atelier in Madrid with responsible production\u00a0<\/h2>\n\n\n\n<p>Working from a <a href=\"https:\/\/malne.es\/en\/about-us\/\" target=\"_blank\" rel=\"noreferrer noopener\"><strong>atelier in Madrid<\/strong><\/a> allows us something that for us is still essential: proximity. To get to know closely those who sew, dye, iron and polish. To be present. Choosing suppliers close to us. <strong>Making fashion with a name and a surname, not with invisible chains.<\/strong>\u00a0<\/p>\n\n\n\n<p>The <strong>responsible fashion production<\/strong> is not an added value or an aesthetic gesture: it is the basis of everything we do. Fair working conditions, clean processes, conscious decisions. <strong>Create ethically, without haste and without waste<\/strong> is, for Malne, the only possible way to understand luxury today.&nbsp;<\/p>\n\n\n\n<p><\/p>","protected":false},"excerpt":{"rendered":"<p>From the atelier in Madrid, we are committed to slow fashion: no waste, made to measure and with sustainable fabrics to dress with a conscience. <\/p>","protected":false},"author":2,"featured_media":3274,"comment_status":"open","ping_status":"open","sticky":false,"template":"","format":"standard","meta":{"_acf_changed":false,"inline_featured_image":false,"footnotes":""},"categories":[154],"tags":[],"class_list":{"0":"post-3272","1":"post","2":"type-post","3":"status-publish","4":"format-standard","5":"has-post-thumbnail","7":"category-slow-fashion"},"acf":[],"yoast_head":"<!-- This site is optimized with the Yoast SEO plugin v25.5 - https:\/\/yoast.com\/wordpress\/plugins\/seo\/ -->\n<title>Del atelier al armario: la moda slow dise\u00f1ada sin prisa ni residuos<\/title>\n<meta name=\"description\" content=\"Descubre la moda slow desde nuestro atelier en Madrid: prendas sostenibles para mujer, producci\u00f3n responsable y dise\u00f1o sin residuos.\" \/>\n<meta name=\"robots\" content=\"index, follow, max-snippet:-1, max-image-preview:large, max-video-preview:-1\" \/>\n<link rel=\"canonical\" href=\"https:\/\/malne.es\/en\/slow-fashion\/slow-fashion-designed-without-haste-or-waste\/\" \/>\n<meta property=\"og:locale\" content=\"en_GB\" \/>\n<meta property=\"og:type\" content=\"article\" \/>\n<meta property=\"og:title\" content=\"Del atelier al armario: la moda slow dise\u00f1ada sin prisa ni residuos\" \/>\n<meta property=\"og:description\" content=\"Descubre la moda slow desde nuestro atelier en Madrid: prendas sostenibles para mujer, producci\u00f3n responsable y dise\u00f1o sin residuos.\" \/>\n<meta property=\"og:url\" content=\"https:\/\/malne.es\/en\/slow-fashion\/slow-fashion-designed-without-haste-or-waste\/\" \/>\n<meta property=\"og:site_name\" content=\"Malne\" \/>\n<meta property=\"article:publisher\" content=\"https:\/\/www.facebook.com\/malnemadrid\/\" \/>\n<meta property=\"article:published_time\" content=\"2025-10-03T09:06:54+00:00\" \/>\n<meta property=\"article:modified_time\" content=\"2026-02-26T12:33:22+00:00\" \/>\n<meta property=\"og:image\" content=\"https:\/\/malne.es\/wp-content\/uploads\/2025\/10\/slow-fashion-sin-residuos.jpg\" \/>\n\t<meta property=\"og:image:width\" content=\"1500\" \/>\n\t<meta property=\"og:image:height\" content=\"998\" \/>\n\t<meta property=\"og:image:type\" content=\"image\/jpeg\" \/>\n<meta name=\"author\" content=\"MALNE\" \/>\n<meta name=\"twitter:card\" content=\"summary_large_image\" \/>\n<meta name=\"twitter:creator\" content=\"@Malne_Official\" \/>\n<meta name=\"twitter:site\" content=\"@Malne_Official\" \/>\n<meta name=\"twitter:label1\" content=\"Written by\" \/>\n\t<meta name=\"twitter:data1\" content=\"MALNE\" \/>\n\t<meta name=\"twitter:label2\" content=\"Estimated reading time\" \/>\n\t<meta name=\"twitter:data2\" content=\"4 minutes\" \/>\n<script type=\"application\/ld+json\" class=\"yoast-schema-graph\">{\"@context\":\"https:\/\/schema.org\",\"@graph\":[{\"@type\":\"Article\",\"@id\":\"https:\/\/malne.es\/slow-fashion\/moda-slow-disenada-sin-prisa-ni-residuos\/#article\",\"isPartOf\":{\"@id\":\"https:\/\/malne.es\/slow-fashion\/moda-slow-disenada-sin-prisa-ni-residuos\/\"},\"author\":{\"name\":\"MALNE\",\"@id\":\"https:\/\/malne.es\/#\/schema\/person\/579d85ea12cec4ef071b7faaef298ecf\"},\"headline\":\"Del atelier al armario: as\u00ed es la moda slow dise\u00f1ada sin prisa ni residuos\",\"datePublished\":\"2025-10-03T09:06:54+00:00\",\"dateModified\":\"2026-02-26T12:33:22+00:00\",\"mainEntityOfPage\":{\"@id\":\"https:\/\/malne.es\/slow-fashion\/moda-slow-disenada-sin-prisa-ni-residuos\/\"},\"wordCount\":765,\"commentCount\":0,\"publisher\":{\"@id\":\"https:\/\/malne.es\/#organization\"},\"image\":{\"@id\":\"https:\/\/malne.es\/slow-fashion\/moda-slow-disenada-sin-prisa-ni-residuos\/#primaryimage\"},\"thumbnailUrl\":\"https:\/\/malne.es\/wp-content\/uploads\/2025\/10\/slow-fashion-sin-residuos.jpg\",\"articleSection\":[\"Slow Fashion\"],\"inLanguage\":\"en-GB\",\"potentialAction\":[{\"@type\":\"CommentAction\",\"name\":\"Comment\",\"target\":[\"https:\/\/malne.es\/slow-fashion\/moda-slow-disenada-sin-prisa-ni-residuos\/#respond\"]}]},{\"@type\":\"WebPage\",\"@id\":\"https:\/\/malne.es\/slow-fashion\/moda-slow-disenada-sin-prisa-ni-residuos\/\",\"url\":\"https:\/\/malne.es\/slow-fashion\/moda-slow-disenada-sin-prisa-ni-residuos\/\",\"name\":\"Del atelier al armario: la moda slow dise\u00f1ada sin prisa ni residuos\",\"isPartOf\":{\"@id\":\"https:\/\/malne.es\/#website\"},\"primaryImageOfPage\":{\"@id\":\"https:\/\/malne.es\/slow-fashion\/moda-slow-disenada-sin-prisa-ni-residuos\/#primaryimage\"},\"image\":{\"@id\":\"https:\/\/malne.es\/slow-fashion\/moda-slow-disenada-sin-prisa-ni-residuos\/#primaryimage\"},\"thumbnailUrl\":\"https:\/\/malne.es\/wp-content\/uploads\/2025\/10\/slow-fashion-sin-residuos.jpg\",\"datePublished\":\"2025-10-03T09:06:54+00:00\",\"dateModified\":\"2026-02-26T12:33:22+00:00\",\"description\":\"Descubre la moda slow desde nuestro atelier en Madrid: prendas sostenibles para mujer, producci\u00f3n responsable y dise\u00f1o sin residuos.\",\"breadcrumb\":{\"@id\":\"https:\/\/malne.es\/slow-fashion\/moda-slow-disenada-sin-prisa-ni-residuos\/#breadcrumb\"},\"inLanguage\":\"en-GB\",\"potentialAction\":[{\"@type\":\"ReadAction\",\"target\":[\"https:\/\/malne.es\/slow-fashion\/moda-slow-disenada-sin-prisa-ni-residuos\/\"]}]},{\"@type\":\"ImageObject\",\"inLanguage\":\"en-GB\",\"@id\":\"https:\/\/malne.es\/slow-fashion\/moda-slow-disenada-sin-prisa-ni-residuos\/#primaryimage\",\"url\":\"https:\/\/malne.es\/wp-content\/uploads\/2025\/10\/slow-fashion-sin-residuos.jpg\",\"contentUrl\":\"https:\/\/malne.es\/wp-content\/uploads\/2025\/10\/slow-fashion-sin-residuos.jpg\",\"width\":1500,\"height\":998,\"caption\":\"Detalle de prenda en tono marfil con tirante fino y costuras visibles sobre una superficie de madera natural.\"},{\"@type\":\"BreadcrumbList\",\"@id\":\"https:\/\/malne.es\/slow-fashion\/moda-slow-disenada-sin-prisa-ni-residuos\/#breadcrumb\",\"itemListElement\":[{\"@type\":\"ListItem\",\"position\":1,\"name\":\"Home\",\"item\":\"https:\/\/malne.es\/\"},{\"@type\":\"ListItem\",\"position\":2,\"name\":\"Del atelier al armario: as\u00ed es la moda slow dise\u00f1ada sin prisa ni residuos\"}]},{\"@type\":\"WebSite\",\"@id\":\"https:\/\/malne.es\/#website\",\"url\":\"https:\/\/malne.es\/\",\"name\":\"Malne\",\"description\":\"sitio oficial. Firma especializada en dise\u00f1o de pr\u00eat-\u00e0-porter y costura de prendas de lujo personalizado en ediciones limitadas.\",\"publisher\":{\"@id\":\"https:\/\/malne.es\/#organization\"},\"potentialAction\":[{\"@type\":\"SearchAction\",\"target\":{\"@type\":\"EntryPoint\",\"urlTemplate\":\"https:\/\/malne.es\/?s={search_term_string}\"},\"query-input\":{\"@type\":\"PropertyValueSpecification\",\"valueRequired\":true,\"valueName\":\"search_term_string\"}}],\"inLanguage\":\"en-GB\"},{\"@type\":\"Organization\",\"@id\":\"https:\/\/malne.es\/#organization\",\"name\":\"Malne\",\"url\":\"https:\/\/malne.es\/\",\"logo\":{\"@type\":\"ImageObject\",\"inLanguage\":\"en-GB\",\"@id\":\"https:\/\/malne.es\/#\/schema\/logo\/image\/\",\"url\":\"https:\/\/malne.es\/wp-content\/uploads\/2025\/02\/Modo_de_aislamiento.png\",\"contentUrl\":\"https:\/\/malne.es\/wp-content\/uploads\/2025\/02\/Modo_de_aislamiento.png\",\"width\":160,\"height\":50,\"caption\":\"Malne\"},\"image\":{\"@id\":\"https:\/\/malne.es\/#\/schema\/logo\/image\/\"},\"sameAs\":[\"https:\/\/www.facebook.com\/malnemadrid\/\",\"https:\/\/x.com\/Malne_Official\",\"https:\/\/www.instagram.com\/malne_official\/?hl=es\"]},{\"@type\":\"Person\",\"@id\":\"https:\/\/malne.es\/#\/schema\/person\/579d85ea12cec4ef071b7faaef298ecf\",\"name\":\"MALNE\",\"image\":{\"@type\":\"ImageObject\",\"inLanguage\":\"en-GB\",\"@id\":\"https:\/\/malne.es\/#\/schema\/person\/image\/\",\"url\":\"https:\/\/secure.gravatar.com\/avatar\/ae08289616bea7911814e52ce9fe2c6cc209f8ef15fa01f37eb73b7e36189b60?s=96&d=mm&r=g\",\"contentUrl\":\"https:\/\/secure.gravatar.com\/avatar\/ae08289616bea7911814e52ce9fe2c6cc209f8ef15fa01f37eb73b7e36189b60?s=96&d=mm&r=g\",\"caption\":\"MALNE\"},\"url\":\"https:\/\/malne.es\/en\/author\/malne\/\"}]}<\/script>\n<!-- \/ Yoast SEO plugin. -->","yoast_head_json":{"title":"From atelier to wardrobe: slow fashion designed without haste and without waste.","description":"Discover slow fashion from our atelier in Madrid: sustainable garments for women, responsible production and waste-free design.","robots":{"index":"index","follow":"follow","max-snippet":"max-snippet:-1","max-image-preview":"max-image-preview:large","max-video-preview":"max-video-preview:-1"},"canonical":"https:\/\/malne.es\/en\/slow-fashion\/slow-fashion-designed-without-haste-or-waste\/","og_locale":"en_GB","og_type":"article","og_title":"Del atelier al armario: la moda slow dise\u00f1ada sin prisa ni residuos","og_description":"Descubre la moda slow desde nuestro atelier en Madrid: prendas sostenibles para mujer, producci\u00f3n responsable y dise\u00f1o sin residuos.","og_url":"https:\/\/malne.es\/en\/slow-fashion\/slow-fashion-designed-without-haste-or-waste\/","og_site_name":"Malne","article_publisher":"https:\/\/www.facebook.com\/malnemadrid\/","article_published_time":"2025-10-03T09:06:54+00:00","article_modified_time":"2026-02-26T12:33:22+00:00","og_image":[{"width":1500,"height":998,"url":"https:\/\/malne.es\/wp-content\/uploads\/2025\/10\/slow-fashion-sin-residuos.jpg","type":"image\/jpeg"}],"author":"MALNE","twitter_card":"summary_large_image","twitter_creator":"@Malne_Official","twitter_site":"@Malne_Official","twitter_misc":{"Written by":"MALNE","Estimated reading time":"4 minutes"},"schema":{"@context":"https:\/\/schema.org","@graph":[{"@type":"Article","@id":"https:\/\/malne.es\/slow-fashion\/moda-slow-disenada-sin-prisa-ni-residuos\/#article","isPartOf":{"@id":"https:\/\/malne.es\/slow-fashion\/moda-slow-disenada-sin-prisa-ni-residuos\/"},"author":{"name":"MALNE","@id":"https:\/\/malne.es\/#\/schema\/person\/579d85ea12cec4ef071b7faaef298ecf"},"headline":"Del atelier al armario: as\u00ed es la moda slow dise\u00f1ada sin prisa ni residuos","datePublished":"2025-10-03T09:06:54+00:00","dateModified":"2026-02-26T12:33:22+00:00","mainEntityOfPage":{"@id":"https:\/\/malne.es\/slow-fashion\/moda-slow-disenada-sin-prisa-ni-residuos\/"},"wordCount":765,"commentCount":0,"publisher":{"@id":"https:\/\/malne.es\/#organization"},"image":{"@id":"https:\/\/malne.es\/slow-fashion\/moda-slow-disenada-sin-prisa-ni-residuos\/#primaryimage"},"thumbnailUrl":"https:\/\/malne.es\/wp-content\/uploads\/2025\/10\/slow-fashion-sin-residuos.jpg","articleSection":["Slow Fashion"],"inLanguage":"en-GB","potentialAction":[{"@type":"CommentAction","name":"Comment","target":["https:\/\/malne.es\/slow-fashion\/moda-slow-disenada-sin-prisa-ni-residuos\/#respond"]}]},{"@type":"WebPage","@id":"https:\/\/malne.es\/slow-fashion\/moda-slow-disenada-sin-prisa-ni-residuos\/","url":"https:\/\/malne.es\/slow-fashion\/moda-slow-disenada-sin-prisa-ni-residuos\/","name":"From atelier to wardrobe: slow fashion designed without haste and without waste.","isPartOf":{"@id":"https:\/\/malne.es\/#website"},"primaryImageOfPage":{"@id":"https:\/\/malne.es\/slow-fashion\/moda-slow-disenada-sin-prisa-ni-residuos\/#primaryimage"},"image":{"@id":"https:\/\/malne.es\/slow-fashion\/moda-slow-disenada-sin-prisa-ni-residuos\/#primaryimage"},"thumbnailUrl":"https:\/\/malne.es\/wp-content\/uploads\/2025\/10\/slow-fashion-sin-residuos.jpg","datePublished":"2025-10-03T09:06:54+00:00","dateModified":"2026-02-26T12:33:22+00:00","description":"Discover slow fashion from our atelier in Madrid: sustainable garments for women, responsible production and waste-free design.","breadcrumb":{"@id":"https:\/\/malne.es\/slow-fashion\/moda-slow-disenada-sin-prisa-ni-residuos\/#breadcrumb"},"inLanguage":"en-GB","potentialAction":[{"@type":"ReadAction","target":["https:\/\/malne.es\/slow-fashion\/moda-slow-disenada-sin-prisa-ni-residuos\/"]}]},{"@type":"ImageObject","inLanguage":"en-GB","@id":"https:\/\/malne.es\/slow-fashion\/moda-slow-disenada-sin-prisa-ni-residuos\/#primaryimage","url":"https:\/\/malne.es\/wp-content\/uploads\/2025\/10\/slow-fashion-sin-residuos.jpg","contentUrl":"https:\/\/malne.es\/wp-content\/uploads\/2025\/10\/slow-fashion-sin-residuos.jpg","width":1500,"height":998,"caption":"Detalle de prenda en tono marfil con tirante fino y costuras visibles sobre una superficie de madera natural."},{"@type":"BreadcrumbList","@id":"https:\/\/malne.es\/slow-fashion\/moda-slow-disenada-sin-prisa-ni-residuos\/#breadcrumb","itemListElement":[{"@type":"ListItem","position":1,"name":"Home","item":"https:\/\/malne.es\/"},{"@type":"ListItem","position":2,"name":"Del atelier al armario: as\u00ed es la moda slow dise\u00f1ada sin prisa ni residuos"}]},{"@type":"WebSite","@id":"https:\/\/malne.es\/#website","url":"https:\/\/malne.es\/","name":"Malne","description":"official website. The firm specialises in ready-to-wear design and sewing of luxury customised garments in limited editions.","publisher":{"@id":"https:\/\/malne.es\/#organization"},"potentialAction":[{"@type":"SearchAction","target":{"@type":"EntryPoint","urlTemplate":"https:\/\/malne.es\/?s={search_term_string}"},"query-input":{"@type":"PropertyValueSpecification","valueRequired":true,"valueName":"search_term_string"}}],"inLanguage":"en-GB"},{"@type":"Organization","@id":"https:\/\/malne.es\/#organization","name":"Malne","url":"https:\/\/malne.es\/","logo":{"@type":"ImageObject","inLanguage":"en-GB","@id":"https:\/\/malne.es\/#\/schema\/logo\/image\/","url":"https:\/\/malne.es\/wp-content\/uploads\/2025\/02\/Modo_de_aislamiento.png","contentUrl":"https:\/\/malne.es\/wp-content\/uploads\/2025\/02\/Modo_de_aislamiento.png","width":160,"height":50,"caption":"Malne"},"image":{"@id":"https:\/\/malne.es\/#\/schema\/logo\/image\/"},"sameAs":["https:\/\/www.facebook.com\/malnemadrid\/","https:\/\/x.com\/Malne_Official","https:\/\/www.instagram.com\/malne_official\/?hl=es"]},{"@type":"Person","@id":"https:\/\/malne.es\/#\/schema\/person\/579d85ea12cec4ef071b7faaef298ecf","name":"MALNE","image":{"@type":"ImageObject","inLanguage":"en-GB","@id":"https:\/\/malne.es\/#\/schema\/person\/image\/","url":"https:\/\/secure.gravatar.com\/avatar\/ae08289616bea7911814e52ce9fe2c6cc209f8ef15fa01f37eb73b7e36189b60?s=96&d=mm&r=g","contentUrl":"https:\/\/secure.gravatar.com\/avatar\/ae08289616bea7911814e52ce9fe2c6cc209f8ef15fa01f37eb73b7e36189b60?s=96&d=mm&r=g","caption":"MALNE"},"url":"https:\/\/malne.es\/en\/author\/malne\/"}]}},"_links":{"self":[{"href":"https:\/\/malne.es\/en\/wp-json\/wp\/v2\/posts\/3272","targetHints":{"allow":["GET"]}}],"collection":[{"href":"https:\/\/malne.es\/en\/wp-json\/wp\/v2\/posts"}],"about":[{"href":"https:\/\/malne.es\/en\/wp-json\/wp\/v2\/types\/post"}],"author":[{"embeddable":true,"href":"https:\/\/malne.es\/en\/wp-json\/wp\/v2\/users\/2"}],"replies":[{"embeddable":true,"href":"https:\/\/malne.es\/en\/wp-json\/wp\/v2\/comments?post=3272"}],"version-history":[{"count":3,"href":"https:\/\/malne.es\/en\/wp-json\/wp\/v2\/posts\/3272\/revisions"}],"predecessor-version":[{"id":3281,"href":"https:\/\/malne.es\/en\/wp-json\/wp\/v2\/posts\/3272\/revisions\/3281"}],"wp:featuredmedia":[{"embeddable":true,"href":"https:\/\/malne.es\/en\/wp-json\/wp\/v2\/media\/3274"}],"wp:attachment":[{"href":"https:\/\/malne.es\/en\/wp-json\/wp\/v2\/media?parent=3272"}],"wp:term":[{"taxonomy":"category","embeddable":true,"href":"https:\/\/malne.es\/en\/wp-json\/wp\/v2\/categories?post=3272"},{"taxonomy":"post_tag","embeddable":true,"href":"https:\/\/malne.es\/en\/wp-json\/wp\/v2\/tags?post=3272"}],"curies":[{"name":"wp","href":"https:\/\/api.w.org\/{rel}","templated":true}]}}