{"id":3258,"date":"2025-09-28T12:39:00","date_gmt":"2025-09-28T10:39:00","guid":{"rendered":"https:\/\/malne.es\/?p=3258"},"modified":"2026-01-08T12:19:54","modified_gmt":"2026-01-08T11:19:54","slug":"inauguration-new-atelier-malne-velazquez","status":"publish","type":"post","link":"https:\/\/malne.es\/en\/mundo-malne\/inauguracion-nuevo-atelier-malne-velazquez\/","title":{"rendered":"The inauguration of our new atelier: Malne moves to Vel\u00e1zquez 17\u00a0"},"content":{"rendered":"<p>We are celebrating. There are milestones that mark the trajectory of a maison, and for us, to inaugurate the <strong>Malne's new atelier in Salamanca district<\/strong> is undoubtedly one of the most significant. This step comes at a special time: we are approaching our tenth anniversary in 2026, and we are doing so by consolidating our essence as a firm of <strong>spanish haute couture<\/strong>.&nbsp;<\/p>\n\n\n\n<p>Since our beginnings we have defended a clear vision: to unite handcrafted couture with a profoundly contemporary language. This identity, recognisable on national and international catwalks, is now concentrated in our own space, which allows us to offer a unique and unique <strong>more intimate and exclusive experience.<\/strong><\/p>\n\n\n\n<figure class=\"wp-block-image size-large\"><img loading=\"lazy\" decoding=\"async\" width=\"1353\" height=\"1015\" src=\"https:\/\/malne.es\/wp-content\/uploads\/2025\/09\/interior-atelier-malne-velazquez-17-1353x1015.jpeg\" alt=\"Interior of the new Malne atelier of Spanish haute couture.\" class=\"wp-image-3263\" srcset=\"https:\/\/malne.es\/wp-content\/uploads\/2025\/09\/interior-atelier-malne-velazquez-17-1353x1015.jpeg 1353w, https:\/\/malne.es\/wp-content\/uploads\/2025\/09\/interior-atelier-malne-velazquez-17-300x225.jpeg 300w, https:\/\/malne.es\/wp-content\/uploads\/2025\/09\/interior-atelier-malne-velazquez-17-768x576.jpeg 768w, https:\/\/malne.es\/wp-content\/uploads\/2025\/09\/interior-atelier-malne-velazquez-17-1536x1152.jpeg 1536w, https:\/\/malne.es\/wp-content\/uploads\/2025\/09\/interior-atelier-malne-velazquez-17-16x12.jpeg 16w, https:\/\/malne.es\/wp-content\/uploads\/2025\/09\/interior-atelier-malne-velazquez-17.jpeg 2000w\" sizes=\"auto, (max-width: 1353px) 100vw, 1353px\" \/><\/figure>\n\n\n\n<h2 class=\"wp-block-heading\">A haven for auteur fashion in Madrid&nbsp;<\/h2>\n\n\n\n<p>The new atelier, located in <a href=\"https:\/\/maps.app.goo.gl\/CPYA7pS4JXXcYXwq8\" target=\"_blank\" rel=\"noreferrer noopener\"><strong>Vel\u00e1zquez 17<\/strong><\/a>reflects everything we are. Here we bring together our main creative lines:&nbsp;<\/p>\n\n\n\n<ul class=\"wp-block-list\">\n<li><strong>Tailoring<\/strong>as the purest expression of handcrafted design.&nbsp;<\/li>\n<\/ul>\n\n\n\n<ul class=\"wp-block-list\">\n<li><strong>Pr\u00eat-\u00e0-couture<\/strong>our bridge between haute couture and everyday wear.&nbsp;<\/li>\n<\/ul>\n\n\n\n<ul class=\"wp-block-list\">\n<li><strong>Guest collection<\/strong>designed for memorable moments.&nbsp;<\/li>\n<\/ul>\n\n\n\n<ul class=\"wp-block-list\">\n<li>And, formally, our <strong>bridal collection<\/strong>one of the most eagerly awaited by our customers.&nbsp;<\/li>\n<\/ul>\n\n\n\n<p>Each proposal responds to an essential principle: the <strong>designer fashion in Madrid<\/strong> as a cultural and creative gesture that vindicates proximity, closeness to those who trust us.&nbsp;<\/p>\n\n\n\n<p>The service we offer in our atelier is, first and foremost, <strong>a unique shopping experience<\/strong> that distances itself from impulse buying. We are committed to a thoughtful purchase, where each garment becomes an exclusive and personalised piece that will form part of our customers' wardrobe. All this, accompanied and guided by great professionals who contribute their know-how and dedication to every detail.<\/p>\n\n\n\n<blockquote class=\"instagram-media\" data-instgrm-permalink=\"https:\/\/www.instagram.com\/reel\/DPEWnYnCnNA\/?utm_source=ig_embed&amp;utm_campaign=loading\" data-instgrm-version=\"14\" style=\" background:#FFF; border:0; border-radius:3px; box-shadow:0 0 1px 0 rgba(0,0,0,0.5),0 1px 10px 0 rgba(0,0,0,0.15); margin: 1px; max-width:540px; min-width:326px; padding:0; width:99.375%; width:-webkit-calc(100% - 2px); width:calc(100% - 2px);\"><div style=\"padding:16px;\"> <a href=\"https:\/\/www.instagram.com\/reel\/DPEWnYnCnNA\/?utm_source=ig_embed&amp;utm_campaign=loading\" style=\" background:#FFFFFF; line-height:0; padding:0 0; text-align:center; text-decoration:none; width:100%;\" target=\"_blank\"> <div style=\" display: flex; flex-direction: row; align-items: center;\"> <div style=\"background-color: #F4F4F4; border-radius: 50%; flex-grow: 0; height: 40px; margin-right: 14px; width: 40px;\"><\/div> <div style=\"display: flex; flex-direction: column; flex-grow: 1; justify-content: center;\"> <div style=\" background-color: #F4F4F4; border-radius: 4px; flex-grow: 0; height: 14px; margin-bottom: 6px; width: 100px;\"><\/div> <div style=\" background-color: #F4F4F4; border-radius: 4px; flex-grow: 0; height: 14px; width: 60px;\"><\/div><\/div><\/div><div style=\"padding: 19% 0;\"><\/div> <div style=\"display:block; height:50px; margin:0 auto 12px; width:50px;\"><svg width=\"50px\" height=\"50px\" viewbox=\"0 0 60 60\" version=\"1.1\" xmlns=\"https:\/\/www.w3.org\/2000\/svg\" xmlns:xlink=\"https:\/\/www.w3.org\/1999\/xlink\"><g stroke=\"none\" stroke-width=\"1\" fill=\"none\" fill-rule=\"evenodd\"><g transform=\"translate(-511.000000, -20.000000)\" fill=\"#000000\"><g><path d=\"M556.869,30.41 C554.814,30.41 553.148,32.076 553.148,34.131 C553.148,36.186 554.814,37.852 556.869,37.852 C558.924,37.852 560.59,36.186 560.59,34.131 C560.59,32.076 558.924,30.41 556.869,30.41 M541,60.657 C535.114,60.657 530.342,55.887 530.342,50 C530.342,44.114 535.114,39.342 541,39.342 C546.887,39.342 551.658,44.114 551.658,50 C551.658,55.887 546.887,60.657 541,60.657 M541,33.886 C532.1,33.886 524.886,41.1 524.886,50 C524.886,58.899 532.1,66.113 541,66.113 C549.9,66.113 557.115,58.899 557.115,50 C557.115,41.1 549.9,33.886 541,33.886 M565.378,62.101 C565.244,65.022 564.756,66.606 564.346,67.663 C563.803,69.06 563.154,70.057 562.106,71.106 C561.058,72.155 560.06,72.803 558.662,73.347 C557.607,73.757 556.021,74.244 553.102,74.378 C549.944,74.521 548.997,74.552 541,74.552 C533.003,74.552 532.056,74.521 528.898,74.378 C525.979,74.244 524.393,73.757 523.338,73.347 C521.94,72.803 520.942,72.155 519.894,71.106 C518.846,70.057 518.197,69.06 517.654,67.663 C517.244,66.606 516.755,65.022 516.623,62.101 C516.479,58.943 516.448,57.996 516.448,50 C516.448,42.003 516.479,41.056 516.623,37.899 C516.755,34.978 517.244,33.391 517.654,32.338 C518.197,30.938 518.846,29.942 519.894,28.894 C520.942,27.846 521.94,27.196 523.338,26.654 C524.393,26.244 525.979,25.756 528.898,25.623 C532.057,25.479 533.004,25.448 541,25.448 C548.997,25.448 549.943,25.479 553.102,25.623 C556.021,25.756 557.607,26.244 558.662,26.654 C560.06,27.196 561.058,27.846 562.106,28.894 C563.154,29.942 563.803,30.938 564.346,32.338 C564.756,33.391 565.244,34.978 565.378,37.899 C565.522,41.056 565.552,42.003 565.552,50 C565.552,57.996 565.522,58.943 565.378,62.101 M570.82,37.631 C570.674,34.438 570.167,32.258 569.425,30.349 C568.659,28.377 567.633,26.702 565.965,25.035 C564.297,23.368 562.623,22.342 560.652,21.575 C558.743,20.834 556.562,20.326 553.369,20.18 C550.169,20.033 549.148,20 541,20 C532.853,20 531.831,20.033 528.631,20.18 C525.438,20.326 523.257,20.834 521.349,21.575 C519.376,22.342 517.703,23.368 516.035,25.035 C514.368,26.702 513.342,28.377 512.574,30.349 C511.834,32.258 511.326,34.438 511.181,37.631 C511.035,40.831 511,41.851 511,50 C511,58.147 511.035,59.17 511.181,62.369 C511.326,65.562 511.834,67.743 512.574,69.651 C513.342,71.625 514.368,73.296 516.035,74.965 C517.703,76.634 519.376,77.658 521.349,78.425 C523.257,79.167 525.438,79.673 528.631,79.82 C531.831,79.965 532.853,80.001 541,80.001 C549.148,80.001 550.169,79.965 553.369,79.82 C556.562,79.673 558.743,79.167 560.652,78.425 C562.623,77.658 564.297,76.634 565.965,74.965 C567.633,73.296 568.659,71.625 569.425,69.651 C570.167,67.743 570.674,65.562 570.82,62.369 C570.966,59.17 571,58.147 571,50 C571,41.851 570.966,40.831 570.82,37.631\"><\/path><\/g><\/g><\/g><\/svg><\/div><div style=\"padding-top: 8px;\"> <div style=\" color:#3897f0; font-family:Arial,sans-serif; font-size:14px; font-style:normal; font-weight:550; line-height:18px;\">View this post on Instagram<\/div><\/div><div style=\"padding: 12.5% 0;\"><\/div> <div style=\"display: flex; flex-direction: row; margin-bottom: 14px; align-items: center;\"><div> <div style=\"background-color: #F4F4F4; border-radius: 50%; height: 12.5px; width: 12.5px; transform: translateX(0px) translateY(7px);\"><\/div> <div style=\"background-color: #F4F4F4; height: 12.5px; transform: rotate(-45deg) translateX(3px) translateY(1px); width: 12.5px; flex-grow: 0; margin-right: 14px; margin-left: 2px;\"><\/div> <div style=\"background-color: #F4F4F4; border-radius: 50%; height: 12.5px; width: 12.5px; transform: translateX(9px) translateY(-18px);\"><\/div><\/div><div style=\"margin-left: 8px;\"> <div style=\" background-color: #F4F4F4; border-radius: 50%; flex-grow: 0; height: 20px; width: 20px;\"><\/div> <div style=\" width: 0; height: 0; border-top: 2px solid transparent; border-left: 6px solid #f4f4f4; border-bottom: 2px solid transparent; transform: translateX(16px) translateY(-4px) rotate(30deg)\"><\/div><\/div><div style=\"margin-left: auto;\"> <div style=\" width: 0px; border-top: 8px solid #F4F4F4; border-right: 8px solid transparent; transform: translateY(16px);\"><\/div> <div style=\" background-color: #F4F4F4; flex-grow: 0; height: 12px; width: 16px; transform: translateY(-4px);\"><\/div> <div style=\" width: 0; height: 0; border-top: 8px solid #F4F4F4; border-left: 8px solid transparent; transform: translateY(-4px) translateX(8px);\"><\/div><\/div><\/div> <div style=\"display: flex; flex-direction: column; flex-grow: 1; justify-content: center; margin-bottom: 24px;\"> <div style=\" background-color: #F4F4F4; border-radius: 4px; flex-grow: 0; height: 14px; margin-bottom: 6px; width: 224px;\"><\/div> <div style=\" background-color: #F4F4F4; border-radius: 4px; flex-grow: 0; height: 14px; width: 144px;\"><\/div><\/div><\/a><p style=\" color:#c9c8cd; font-family:Arial,sans-serif; font-size:14px; line-height:17px; margin-bottom:0; margin-top:8px; overflow:hidden; padding:8px 0 7px; text-align:center; text-overflow:ellipsis; white-space:nowrap;\"><a href=\"https:\/\/www.instagram.com\/reel\/DPEWnYnCnNA\/?utm_source=ig_embed&amp;utm_campaign=loading\" style=\" color:#c9c8cd; font-family:Arial,sans-serif; font-size:14px; font-style:normal; font-weight:normal; line-height:17px; text-decoration:none;\" target=\"_blank\">A post shared by LA MAISON MALNE (@malne_official)<\/a><\/p><\/div><\/blockquote>\n<script async src=\"\/\/www.instagram.com\/embed.js\"><\/script>\n\n\n\n<h2 class=\"wp-block-heading\">A creative boutique experience&nbsp;<\/h2>\n\n\n\n<p>We have designed this atelier as a refuge. We want every woman who visits us to experience fashion as a <strong>creative boutique experience<\/strong>a direct and personal dialogue. Exclusivity is preserved through a system of private appointments, which allows each encounter with our collections to be unique.&nbsp;<\/p>\n\n\n\n<p>Those who wish to discover this new space can do so through an intimate and personalised experience. <strong>Visits are by appointment only<\/strong>available by telephone <strong>915782148<\/strong> or on our web form: <a href=\"https:\/\/malne.es\/en\/prior-appointment\/\" target=\"_blank\" rel=\"noreferrer noopener\">www.malne.es\/cita-previa\/<\/a>\u00a0<\/p>\n\n\n\n<p>Vel\u00e1zquez 17 is not just an address: it is a home where there is no urgency or distractions. Only the dedication of our team and the desire to share what we do best, the <strong>fashion and sewing<\/strong> <strong>of Malne.<\/strong>&nbsp;<\/p>\n\n\n\n<p><\/p>","protected":false},"excerpt":{"rendered":"<p>Estamos de celebraci\u00f3n. Hay hitos que marcan la trayectoria de una maison, y para nosotros, inaugurar el nuevo atelier de Malne en el barrio de Salamanca es, sin duda, uno&#8230;<\/p>","protected":false},"author":2,"featured_media":3262,"comment_status":"open","ping_status":"open","sticky":false,"template":"","format":"standard","meta":{"_acf_changed":false,"inline_featured_image":false,"footnotes":""},"categories":[153],"tags":[],"class_list":{"0":"post-3258","1":"post","2":"type-post","3":"status-publish","4":"format-standard","5":"has-post-thumbnail","7":"category-mundo-malne"},"acf":[],"yoast_head":"<!-- This site is optimized with the Yoast SEO plugin v25.5 - https:\/\/yoast.com\/wordpress\/plugins\/seo\/ -->\n<title>Malne inaugura su nuevo atelier en Vel\u00e1zquez 17<\/title>\n<meta name=\"description\" content=\"La maison Malne abre atelier en el barrio de Salamanca. Vel\u00e1zquez 17 ser\u00e1 un refugio de moda de autor, confecci\u00f3n a medida y experiencia boutique.\" \/>\n<meta name=\"robots\" content=\"index, follow, max-snippet:-1, max-image-preview:large, max-video-preview:-1\" \/>\n<link rel=\"canonical\" href=\"https:\/\/malne.es\/en\/malne-world\/inauguration-new-atelier-malne-velazquez\/\" \/>\n<meta property=\"og:locale\" content=\"en_GB\" \/>\n<meta property=\"og:type\" content=\"article\" \/>\n<meta property=\"og:title\" content=\"Malne inaugura su nuevo atelier en Vel\u00e1zquez 17\" \/>\n<meta property=\"og:description\" content=\"La maison Malne abre atelier en el barrio de Salamanca. Vel\u00e1zquez 17 ser\u00e1 un refugio de moda de autor, confecci\u00f3n a medida y experiencia boutique.\" \/>\n<meta property=\"og:url\" content=\"https:\/\/malne.es\/en\/malne-world\/inauguration-new-atelier-malne-velazquez\/\" \/>\n<meta property=\"og:site_name\" content=\"Malne\" \/>\n<meta property=\"article:publisher\" content=\"https:\/\/www.facebook.com\/malnemadrid\/\" \/>\n<meta property=\"article:published_time\" content=\"2025-09-28T10:39:00+00:00\" \/>\n<meta property=\"article:modified_time\" content=\"2026-01-08T11:19:54+00:00\" \/>\n<meta property=\"og:image\" content=\"https:\/\/malne.es\/wp-content\/uploads\/2025\/09\/inauguracion-atelier-malne-velazquez-1-e1759002315113.jpeg\" \/>\n\t<meta property=\"og:image:width\" content=\"3638\" \/>\n\t<meta property=\"og:image:height\" content=\"2670\" \/>\n\t<meta property=\"og:image:type\" content=\"image\/jpeg\" \/>\n<meta name=\"author\" content=\"MALNE\" \/>\n<meta name=\"twitter:card\" content=\"summary_large_image\" \/>\n<meta name=\"twitter:creator\" content=\"@Malne_Official\" \/>\n<meta name=\"twitter:site\" content=\"@Malne_Official\" \/>\n<meta name=\"twitter:label1\" content=\"Written by\" \/>\n\t<meta name=\"twitter:data1\" content=\"MALNE\" \/>\n\t<meta name=\"twitter:label2\" content=\"Estimated reading time\" \/>\n\t<meta name=\"twitter:data2\" content=\"3 minutes\" \/>\n<script type=\"application\/ld+json\" class=\"yoast-schema-graph\">{\"@context\":\"https:\/\/schema.org\",\"@graph\":[{\"@type\":\"NewsArticle\",\"@id\":\"https:\/\/malne.es\/mundo-malne\/inauguracion-nuevo-atelier-malne-velazquez\/#article\",\"isPartOf\":{\"@id\":\"https:\/\/malne.es\/mundo-malne\/inauguracion-nuevo-atelier-malne-velazquez\/\"},\"author\":{\"name\":\"MALNE\",\"@id\":\"https:\/\/malne.es\/#\/schema\/person\/579d85ea12cec4ef071b7faaef298ecf\"},\"headline\":\"La inauguraci\u00f3n de nuestro nuevo atelier: Malne se instala en Vel\u00e1zquez 17\u00a0\",\"datePublished\":\"2025-09-28T10:39:00+00:00\",\"dateModified\":\"2026-01-08T11:19:54+00:00\",\"mainEntityOfPage\":{\"@id\":\"https:\/\/malne.es\/mundo-malne\/inauguracion-nuevo-atelier-malne-velazquez\/\"},\"wordCount\":464,\"commentCount\":0,\"publisher\":{\"@id\":\"https:\/\/malne.es\/#organization\"},\"image\":{\"@id\":\"https:\/\/malne.es\/mundo-malne\/inauguracion-nuevo-atelier-malne-velazquez\/#primaryimage\"},\"thumbnailUrl\":\"https:\/\/malne.es\/wp-content\/uploads\/2025\/09\/inauguracion-atelier-malne-velazquez-1-e1759002315113.jpeg\",\"articleSection\":[\"Mundo Malne\"],\"inLanguage\":\"en-GB\",\"potentialAction\":[{\"@type\":\"CommentAction\",\"name\":\"Comment\",\"target\":[\"https:\/\/malne.es\/mundo-malne\/inauguracion-nuevo-atelier-malne-velazquez\/#respond\"]}]},{\"@type\":[\"WebPage\",\"ItemPage\"],\"@id\":\"https:\/\/malne.es\/mundo-malne\/inauguracion-nuevo-atelier-malne-velazquez\/\",\"url\":\"https:\/\/malne.es\/mundo-malne\/inauguracion-nuevo-atelier-malne-velazquez\/\",\"name\":\"Malne inaugura su nuevo atelier en Vel\u00e1zquez 17\",\"isPartOf\":{\"@id\":\"https:\/\/malne.es\/#website\"},\"primaryImageOfPage\":{\"@id\":\"https:\/\/malne.es\/mundo-malne\/inauguracion-nuevo-atelier-malne-velazquez\/#primaryimage\"},\"image\":{\"@id\":\"https:\/\/malne.es\/mundo-malne\/inauguracion-nuevo-atelier-malne-velazquez\/#primaryimage\"},\"thumbnailUrl\":\"https:\/\/malne.es\/wp-content\/uploads\/2025\/09\/inauguracion-atelier-malne-velazquez-1-e1759002315113.jpeg\",\"datePublished\":\"2025-09-28T10:39:00+00:00\",\"dateModified\":\"2026-01-08T11:19:54+00:00\",\"description\":\"La maison Malne abre atelier en el barrio de Salamanca. Vel\u00e1zquez 17 ser\u00e1 un refugio de moda de autor, confecci\u00f3n a medida y experiencia boutique.\",\"breadcrumb\":{\"@id\":\"https:\/\/malne.es\/mundo-malne\/inauguracion-nuevo-atelier-malne-velazquez\/#breadcrumb\"},\"inLanguage\":\"en-GB\",\"potentialAction\":[{\"@type\":\"ReadAction\",\"target\":[\"https:\/\/malne.es\/mundo-malne\/inauguracion-nuevo-atelier-malne-velazquez\/\"]}]},{\"@type\":\"ImageObject\",\"inLanguage\":\"en-GB\",\"@id\":\"https:\/\/malne.es\/mundo-malne\/inauguracion-nuevo-atelier-malne-velazquez\/#primaryimage\",\"url\":\"https:\/\/malne.es\/wp-content\/uploads\/2025\/09\/inauguracion-atelier-malne-velazquez-1-e1759002315113.jpeg\",\"contentUrl\":\"https:\/\/malne.es\/wp-content\/uploads\/2025\/09\/inauguracion-atelier-malne-velazquez-1-e1759002315113.jpeg\",\"width\":3638,\"height\":2670,\"caption\":\"Inauguraci\u00f3n de nuevo atelier de Malne en Vel\u00e1zquez 17\"},{\"@type\":\"BreadcrumbList\",\"@id\":\"https:\/\/malne.es\/mundo-malne\/inauguracion-nuevo-atelier-malne-velazquez\/#breadcrumb\",\"itemListElement\":[{\"@type\":\"ListItem\",\"position\":1,\"name\":\"Home\",\"item\":\"https:\/\/malne.es\/\"},{\"@type\":\"ListItem\",\"position\":2,\"name\":\"La inauguraci\u00f3n de nuestro nuevo atelier: Malne se instala en Vel\u00e1zquez 17\u00a0\"}]},{\"@type\":\"WebSite\",\"@id\":\"https:\/\/malne.es\/#website\",\"url\":\"https:\/\/malne.es\/\",\"name\":\"Malne\",\"description\":\"sitio oficial. Firma especializada en dise\u00f1o de pr\u00eat-\u00e0-porter y costura de prendas de lujo personalizado en ediciones limitadas.\",\"publisher\":{\"@id\":\"https:\/\/malne.es\/#organization\"},\"potentialAction\":[{\"@type\":\"SearchAction\",\"target\":{\"@type\":\"EntryPoint\",\"urlTemplate\":\"https:\/\/malne.es\/?s={search_term_string}\"},\"query-input\":{\"@type\":\"PropertyValueSpecification\",\"valueRequired\":true,\"valueName\":\"search_term_string\"}}],\"inLanguage\":\"en-GB\"},{\"@type\":\"Organization\",\"@id\":\"https:\/\/malne.es\/#organization\",\"name\":\"Malne\",\"url\":\"https:\/\/malne.es\/\",\"logo\":{\"@type\":\"ImageObject\",\"inLanguage\":\"en-GB\",\"@id\":\"https:\/\/malne.es\/#\/schema\/logo\/image\/\",\"url\":\"https:\/\/malne.es\/wp-content\/uploads\/2025\/02\/Modo_de_aislamiento.png\",\"contentUrl\":\"https:\/\/malne.es\/wp-content\/uploads\/2025\/02\/Modo_de_aislamiento.png\",\"width\":160,\"height\":50,\"caption\":\"Malne\"},\"image\":{\"@id\":\"https:\/\/malne.es\/#\/schema\/logo\/image\/\"},\"sameAs\":[\"https:\/\/www.facebook.com\/malnemadrid\/\",\"https:\/\/x.com\/Malne_Official\",\"https:\/\/www.instagram.com\/malne_official\/?hl=es\"]},{\"@type\":\"Person\",\"@id\":\"https:\/\/malne.es\/#\/schema\/person\/579d85ea12cec4ef071b7faaef298ecf\",\"name\":\"MALNE\",\"image\":{\"@type\":\"ImageObject\",\"inLanguage\":\"en-GB\",\"@id\":\"https:\/\/malne.es\/#\/schema\/person\/image\/\",\"url\":\"https:\/\/secure.gravatar.com\/avatar\/ae08289616bea7911814e52ce9fe2c6cc209f8ef15fa01f37eb73b7e36189b60?s=96&d=mm&r=g\",\"contentUrl\":\"https:\/\/secure.gravatar.com\/avatar\/ae08289616bea7911814e52ce9fe2c6cc209f8ef15fa01f37eb73b7e36189b60?s=96&d=mm&r=g\",\"caption\":\"MALNE\"},\"url\":\"https:\/\/malne.es\/en\/author\/malne\/\"}]}<\/script>\n<!-- \/ Yoast SEO plugin. -->","yoast_head_json":{"title":"Malne inaugurates its new atelier in Vel\u00e1zquez 17","description":"The maison Malne opens atelier in the Salamanca district. Vel\u00e1zquez 17 will be a haven of signature fashion, bespoke tailoring and boutique experience.","robots":{"index":"index","follow":"follow","max-snippet":"max-snippet:-1","max-image-preview":"max-image-preview:large","max-video-preview":"max-video-preview:-1"},"canonical":"https:\/\/malne.es\/en\/malne-world\/inauguration-new-atelier-malne-velazquez\/","og_locale":"en_GB","og_type":"article","og_title":"Malne inaugura su nuevo atelier en Vel\u00e1zquez 17","og_description":"La maison Malne abre atelier en el barrio de Salamanca. Vel\u00e1zquez 17 ser\u00e1 un refugio de moda de autor, confecci\u00f3n a medida y experiencia boutique.","og_url":"https:\/\/malne.es\/en\/malne-world\/inauguration-new-atelier-malne-velazquez\/","og_site_name":"Malne","article_publisher":"https:\/\/www.facebook.com\/malnemadrid\/","article_published_time":"2025-09-28T10:39:00+00:00","article_modified_time":"2026-01-08T11:19:54+00:00","og_image":[{"width":3638,"height":2670,"url":"https:\/\/malne.es\/wp-content\/uploads\/2025\/09\/inauguracion-atelier-malne-velazquez-1-e1759002315113.jpeg","type":"image\/jpeg"}],"author":"MALNE","twitter_card":"summary_large_image","twitter_creator":"@Malne_Official","twitter_site":"@Malne_Official","twitter_misc":{"Written by":"MALNE","Estimated reading time":"3 minutes"},"schema":{"@context":"https:\/\/schema.org","@graph":[{"@type":"NewsArticle","@id":"https:\/\/malne.es\/mundo-malne\/inauguracion-nuevo-atelier-malne-velazquez\/#article","isPartOf":{"@id":"https:\/\/malne.es\/mundo-malne\/inauguracion-nuevo-atelier-malne-velazquez\/"},"author":{"name":"MALNE","@id":"https:\/\/malne.es\/#\/schema\/person\/579d85ea12cec4ef071b7faaef298ecf"},"headline":"La inauguraci\u00f3n de nuestro nuevo atelier: Malne se instala en Vel\u00e1zquez 17\u00a0","datePublished":"2025-09-28T10:39:00+00:00","dateModified":"2026-01-08T11:19:54+00:00","mainEntityOfPage":{"@id":"https:\/\/malne.es\/mundo-malne\/inauguracion-nuevo-atelier-malne-velazquez\/"},"wordCount":464,"commentCount":0,"publisher":{"@id":"https:\/\/malne.es\/#organization"},"image":{"@id":"https:\/\/malne.es\/mundo-malne\/inauguracion-nuevo-atelier-malne-velazquez\/#primaryimage"},"thumbnailUrl":"https:\/\/malne.es\/wp-content\/uploads\/2025\/09\/inauguracion-atelier-malne-velazquez-1-e1759002315113.jpeg","articleSection":["Mundo Malne"],"inLanguage":"en-GB","potentialAction":[{"@type":"CommentAction","name":"Comment","target":["https:\/\/malne.es\/mundo-malne\/inauguracion-nuevo-atelier-malne-velazquez\/#respond"]}]},{"@type":["WebPage","ItemPage"],"@id":"https:\/\/malne.es\/mundo-malne\/inauguracion-nuevo-atelier-malne-velazquez\/","url":"https:\/\/malne.es\/mundo-malne\/inauguracion-nuevo-atelier-malne-velazquez\/","name":"Malne inaugurates its new atelier in Vel\u00e1zquez 17","isPartOf":{"@id":"https:\/\/malne.es\/#website"},"primaryImageOfPage":{"@id":"https:\/\/malne.es\/mundo-malne\/inauguracion-nuevo-atelier-malne-velazquez\/#primaryimage"},"image":{"@id":"https:\/\/malne.es\/mundo-malne\/inauguracion-nuevo-atelier-malne-velazquez\/#primaryimage"},"thumbnailUrl":"https:\/\/malne.es\/wp-content\/uploads\/2025\/09\/inauguracion-atelier-malne-velazquez-1-e1759002315113.jpeg","datePublished":"2025-09-28T10:39:00+00:00","dateModified":"2026-01-08T11:19:54+00:00","description":"The maison Malne opens atelier in the Salamanca district. Vel\u00e1zquez 17 will be a haven of signature fashion, bespoke tailoring and boutique experience.","breadcrumb":{"@id":"https:\/\/malne.es\/mundo-malne\/inauguracion-nuevo-atelier-malne-velazquez\/#breadcrumb"},"inLanguage":"en-GB","potentialAction":[{"@type":"ReadAction","target":["https:\/\/malne.es\/mundo-malne\/inauguracion-nuevo-atelier-malne-velazquez\/"]}]},{"@type":"ImageObject","inLanguage":"en-GB","@id":"https:\/\/malne.es\/mundo-malne\/inauguracion-nuevo-atelier-malne-velazquez\/#primaryimage","url":"https:\/\/malne.es\/wp-content\/uploads\/2025\/09\/inauguracion-atelier-malne-velazquez-1-e1759002315113.jpeg","contentUrl":"https:\/\/malne.es\/wp-content\/uploads\/2025\/09\/inauguracion-atelier-malne-velazquez-1-e1759002315113.jpeg","width":3638,"height":2670,"caption":"Inauguraci\u00f3n de nuevo atelier de Malne en Vel\u00e1zquez 17"},{"@type":"BreadcrumbList","@id":"https:\/\/malne.es\/mundo-malne\/inauguracion-nuevo-atelier-malne-velazquez\/#breadcrumb","itemListElement":[{"@type":"ListItem","position":1,"name":"Home","item":"https:\/\/malne.es\/"},{"@type":"ListItem","position":2,"name":"La inauguraci\u00f3n de nuestro nuevo atelier: Malne se instala en Vel\u00e1zquez 17\u00a0"}]},{"@type":"WebSite","@id":"https:\/\/malne.es\/#website","url":"https:\/\/malne.es\/","name":"Malne","description":"official website. The firm specialises in ready-to-wear design and sewing of luxury customised garments in limited editions.","publisher":{"@id":"https:\/\/malne.es\/#organization"},"potentialAction":[{"@type":"SearchAction","target":{"@type":"EntryPoint","urlTemplate":"https:\/\/malne.es\/?s={search_term_string}"},"query-input":{"@type":"PropertyValueSpecification","valueRequired":true,"valueName":"search_term_string"}}],"inLanguage":"en-GB"},{"@type":"Organization","@id":"https:\/\/malne.es\/#organization","name":"Malne","url":"https:\/\/malne.es\/","logo":{"@type":"ImageObject","inLanguage":"en-GB","@id":"https:\/\/malne.es\/#\/schema\/logo\/image\/","url":"https:\/\/malne.es\/wp-content\/uploads\/2025\/02\/Modo_de_aislamiento.png","contentUrl":"https:\/\/malne.es\/wp-content\/uploads\/2025\/02\/Modo_de_aislamiento.png","width":160,"height":50,"caption":"Malne"},"image":{"@id":"https:\/\/malne.es\/#\/schema\/logo\/image\/"},"sameAs":["https:\/\/www.facebook.com\/malnemadrid\/","https:\/\/x.com\/Malne_Official","https:\/\/www.instagram.com\/malne_official\/?hl=es"]},{"@type":"Person","@id":"https:\/\/malne.es\/#\/schema\/person\/579d85ea12cec4ef071b7faaef298ecf","name":"MALNE","image":{"@type":"ImageObject","inLanguage":"en-GB","@id":"https:\/\/malne.es\/#\/schema\/person\/image\/","url":"https:\/\/secure.gravatar.com\/avatar\/ae08289616bea7911814e52ce9fe2c6cc209f8ef15fa01f37eb73b7e36189b60?s=96&d=mm&r=g","contentUrl":"https:\/\/secure.gravatar.com\/avatar\/ae08289616bea7911814e52ce9fe2c6cc209f8ef15fa01f37eb73b7e36189b60?s=96&d=mm&r=g","caption":"MALNE"},"url":"https:\/\/malne.es\/en\/author\/malne\/"}]}},"_links":{"self":[{"href":"https:\/\/malne.es\/en\/wp-json\/wp\/v2\/posts\/3258","targetHints":{"allow":["GET"]}}],"collection":[{"href":"https:\/\/malne.es\/en\/wp-json\/wp\/v2\/posts"}],"about":[{"href":"https:\/\/malne.es\/en\/wp-json\/wp\/v2\/types\/post"}],"author":[{"embeddable":true,"href":"https:\/\/malne.es\/en\/wp-json\/wp\/v2\/users\/2"}],"replies":[{"embeddable":true,"href":"https:\/\/malne.es\/en\/wp-json\/wp\/v2\/comments?post=3258"}],"version-history":[{"count":5,"href":"https:\/\/malne.es\/en\/wp-json\/wp\/v2\/posts\/3258\/revisions"}],"predecessor-version":[{"id":3594,"href":"https:\/\/malne.es\/en\/wp-json\/wp\/v2\/posts\/3258\/revisions\/3594"}],"wp:featuredmedia":[{"embeddable":true,"href":"https:\/\/malne.es\/en\/wp-json\/wp\/v2\/media\/3262"}],"wp:attachment":[{"href":"https:\/\/malne.es\/en\/wp-json\/wp\/v2\/media?parent=3258"}],"wp:term":[{"taxonomy":"category","embeddable":true,"href":"https:\/\/malne.es\/en\/wp-json\/wp\/v2\/categories?post=3258"},{"taxonomy":"post_tag","embeddable":true,"href":"https:\/\/malne.es\/en\/wp-json\/wp\/v2\/tags?post=3258"}],"curies":[{"name":"wp","href":"https:\/\/api.w.org\/{rel}","templated":true}]}}