{"id":3131,"date":"2025-08-13T13:23:32","date_gmt":"2025-08-13T11:23:32","guid":{"rendered":"https:\/\/malne.es\/?p=3131"},"modified":"2025-09-02T15:18:22","modified_gmt":"2025-09-02T13:18:22","slug":"vogue-fashions-night-out-2025","status":"publish","type":"post","link":"https:\/\/malne.es\/en\/eventos-de-moda\/vogue-fashions-night-out-2025\/","title":{"rendered":"Vogue Fashion's Night Out 2025: the big night out where fashion meets the city\u00a0"},"content":{"rendered":"<blockquote class=\"wp-block-quote is-layout-flow wp-block-quote-is-layout-flow\">\n<p>\"<em>There are nights that are never repeated. Vogue Fashion's Night Out is not just a date, it's a state of mind\".<\/em><\/p>\n<\/blockquote>\n\n\n\n<p>Every September, Madrid is transformed. The streets of the Barrio de Salamanca take on a different rhythm. The lights come on ahead of autumn and fashion slips out of its usual spaces to coexist with the city. It is the <strong>Vogue Fashion's Night Out<\/strong>This is an annual event that, beyond the celebration, marks the symbolic start of the fashion season in the capital.&nbsp;<\/p>\n\n\n\n<h2 class=\"wp-block-heading\">Vogue Fashion's Night Out: the story of a global celebration\u00a0<\/h2>\n\n\n\n<p>The first edition took place in 2009, promoted by <em>Vogue US<\/em> and the <em>Council of Fashion Designers of America (CFDA)<\/em> as a response to the global economic recession. Its purpose was clear: to revive consumption, celebrate creativity and strengthen the links between the public and the fashion industry.&nbsp;<\/p>\n\n\n\n<p>Since then, the <strong>VFNO<\/strong> has travelled the world and has made Madrid one of its most emblematic stages. Under the coordination of <em>Vogue Spain<\/em> and in collaboration with the <strong>Madrid City Council<\/strong>This great festival has established itself as a reference point among the <strong>fashion events<\/strong> of the European calendar.&nbsp;<\/p>\n\n\n\n<h2 class=\"wp-block-heading\">A night of fashion, music and style in the heart of Madrid\u00a0<\/h2>\n\n\n\n<p>The next <strong>thursday 11 september<\/strong>the <a href=\"https:\/\/www.vogue.es\/articulos\/vfno-2025-fiesta-moda-madrid\" target=\"_blank\" rel=\"noreferrer noopener\"><strong>Vogue Fashion's Night Out 2025<\/strong><\/a> will once again fill the streets of the <strong>Salamanca neighbourhood<\/strong>especially the iconic <strong>Ortega y Gasset Street and Lagasca Street<\/strong>The epicentre of the city's commercial and aesthetic activity. From the <strong>20:00 until midnight<\/strong>more than <strong>200 shops and luxury brands<\/strong> will open their doors with special promotions, immersive experiences and exclusive launches.&nbsp;<\/p>\n\n\n\n<p>It is a <strong>big open-air party<\/strong>where fashion is intertwined with live music, design, make-up and gastronomy. Turning the centre of Madrid into an extended and rhythmic catwalk.&nbsp;<\/p>\n\n\n\n<h2 class=\"wp-block-heading\">The experience: between the glamour and the crowds\u00a0<\/h2>\n\n\n\n<p>Every year, thousands of people flock to the event, turning the night into a collective celebration. Luxury boutiques display<strong>photocalls<\/strong>, <em>shootings<\/em>canap\u00e9s and cocktails from companies such as <strong>Don Julio<\/strong>amidst an atmosphere that mixes <strong>glamour, rhythm and expectation<\/strong>.&nbsp;<\/p>\n\n\n\n<p>However, the experience also has its challenges. In previous editions, queues have been part of the landscape, and there is no shortage of those who describe the night as overwhelming or excessively massive. Narrow streets and high demand can lead to saturation in certain sections. Even so, the general enthusiasm persists. The event remains one of the few that manages to bring together designers, editors, influencers, regular customers and new audiences on the same stage.&nbsp;<\/p>\n\n\n\n<h2 class=\"wp-block-heading\">What to expect this year: trends, activations and a new look\u00a0<\/h2>\n\n\n\n<p>For this edition, the following are announced <strong>immersive experiences<\/strong>workshops, styling sessions, collection presentations, etc. <strong>autumn-winter<\/strong>actions with brands such as <strong>Real Techniques and Lenovo<\/strong>and a new concept of hospitality through the <strong>Vogue Terrace<\/strong> at the Rosewood Villa Magna Hotel.&nbsp;<\/p>\n\n\n\n<p>Madrid <strong>will host different simultaneous activities<\/strong>from impromptu fashion shows to collaborations with the programme <strong>Madrid Fashion Capital<\/strong>reinforcing the cultural and economic dimension of the event. The evening of 11 September will also be a space to observe how the ways of consuming fashion are evolving, and how new generations are integrating into this changing universe.&nbsp;<\/p>\n\n\n\n<h2 class=\"wp-block-heading\">Fashion as a means of public expression\u00a0<\/h2>\n\n\n\n<p>What sets Vogue Fashion's Night Out apart from other promotional events is its ability to turn the city centre into a <strong>extension of the footbridge<\/strong>. No access codes, no assigned seats. <strong>Fashion takes to the streets and mingles with those who observe it, reinterpret it or simply inhabit it.<\/strong>&nbsp;<\/p>\n\n\n\n<p>In an industry that at times seems to be detached from the everyday, this evening offers a chance to celebrate fashion as a means, not an end. <strong>A way of being present. To look with attention. To express oneself with social impact.<\/strong>&nbsp;<\/p>\n\n\n\n<h2 class=\"wp-block-heading\">The city as a stage\u00a0<\/h2>\n\n\n\n<p>The <strong>Vogue Fashion's Night Out<\/strong> is already part of the imaginary of Madrid. A moment to meet, to look, to stop. To remember that, beyond trends, figures and names, fashion is still a way of being in the world.&nbsp;<\/p>\n\n\n\n<p>And if the city becomes a stage, everyone decides from where they observe it, what they take with them and what remains as an image. Some nights echo more than others. Some simply give us back the joy of looking.&nbsp;<\/p>\n\n\n\n<p><\/p>","protected":false},"excerpt":{"rendered":"<p>Every September, Madrid vibrates with Vogue Fashion's Night Out, where fashion takes to the streets and turns the city into one big catwalk.<\/p>","protected":false},"author":2,"featured_media":3133,"comment_status":"open","ping_status":"open","sticky":false,"template":"","format":"standard","meta":{"_acf_changed":false,"inline_featured_image":false,"footnotes":""},"categories":[156],"tags":[],"class_list":{"0":"post-3131","1":"post","2":"type-post","3":"status-publish","4":"format-standard","5":"has-post-thumbnail","7":"category-eventos-de-moda"},"acf":[],"yoast_head":"<!-- This site is optimized with the Yoast SEO plugin v25.5 - https:\/\/yoast.com\/wordpress\/plugins\/seo\/ -->\n<title>Vogue Fashion Night Out 2025: Moda en las calles de Madrid<\/title>\n<meta name=\"description\" content=\"Cada septiembre, Madrid vibra con la Vogue Fashion\u2019s Night Out, donde la moda toma las calles.\" \/>\n<meta name=\"robots\" content=\"index, follow, max-snippet:-1, max-image-preview:large, max-video-preview:-1\" \/>\n<link rel=\"canonical\" href=\"https:\/\/malne.es\/en\/fashion-events\/vogue-fashions-night-out-2025\/\" \/>\n<meta property=\"og:locale\" content=\"en_GB\" \/>\n<meta property=\"og:type\" content=\"article\" \/>\n<meta property=\"og:title\" content=\"Vogue Fashion Night Out 2025: Moda en las calles de Madrid\" \/>\n<meta property=\"og:description\" content=\"Cada septiembre, Madrid vibra con la Vogue Fashion\u2019s Night Out, donde la moda toma las calles.\" \/>\n<meta property=\"og:url\" content=\"https:\/\/malne.es\/en\/fashion-events\/vogue-fashions-night-out-2025\/\" \/>\n<meta property=\"og:site_name\" content=\"Malne\" \/>\n<meta property=\"article:publisher\" content=\"https:\/\/www.facebook.com\/malnemadrid\/\" \/>\n<meta property=\"article:published_time\" content=\"2025-08-13T11:23:32+00:00\" \/>\n<meta property=\"article:modified_time\" content=\"2025-09-02T13:18:22+00:00\" \/>\n<meta property=\"og:image\" content=\"https:\/\/malne.es\/wp-content\/uploads\/2025\/08\/Madrid-Vogue-Fashion-Night-Out-2025.jpg\" \/>\n\t<meta property=\"og:image:width\" content=\"1500\" \/>\n\t<meta property=\"og:image:height\" content=\"1000\" \/>\n\t<meta property=\"og:image:type\" content=\"image\/jpeg\" \/>\n<meta name=\"author\" content=\"MALNE\" \/>\n<meta name=\"twitter:card\" content=\"summary_large_image\" \/>\n<meta name=\"twitter:creator\" content=\"@Malne_Official\" \/>\n<meta name=\"twitter:site\" content=\"@Malne_Official\" \/>\n<meta name=\"twitter:label1\" content=\"Written by\" \/>\n\t<meta name=\"twitter:data1\" content=\"MALNE\" \/>\n\t<meta name=\"twitter:label2\" content=\"Estimated reading time\" \/>\n\t<meta name=\"twitter:data2\" content=\"4 minutes\" \/>\n<script type=\"application\/ld+json\" class=\"yoast-schema-graph\">{\"@context\":\"https:\/\/schema.org\",\"@graph\":[{\"@type\":\"NewsArticle\",\"@id\":\"https:\/\/malne.es\/eventos-de-moda\/vogue-fashions-night-out-2025\/#article\",\"isPartOf\":{\"@id\":\"https:\/\/malne.es\/eventos-de-moda\/vogue-fashions-night-out-2025\/\"},\"author\":{\"name\":\"MALNE\",\"@id\":\"https:\/\/malne.es\/#\/schema\/person\/579d85ea12cec4ef071b7faaef298ecf\"},\"headline\":\"Vogue Fashion\u2019s Night Out 2025: la gran noche donde la moda se encuentra con la ciudad\u00a0\",\"datePublished\":\"2025-08-13T11:23:32+00:00\",\"dateModified\":\"2025-09-02T13:18:22+00:00\",\"mainEntityOfPage\":{\"@id\":\"https:\/\/malne.es\/eventos-de-moda\/vogue-fashions-night-out-2025\/\"},\"wordCount\":814,\"commentCount\":0,\"publisher\":{\"@id\":\"https:\/\/malne.es\/#organization\"},\"image\":{\"@id\":\"https:\/\/malne.es\/eventos-de-moda\/vogue-fashions-night-out-2025\/#primaryimage\"},\"thumbnailUrl\":\"https:\/\/malne.es\/wp-content\/uploads\/2025\/08\/Madrid-Vogue-Fashion-Night-Out-2025.jpg\",\"articleSection\":[\"Eventos de Moda\"],\"inLanguage\":\"en-GB\",\"potentialAction\":[{\"@type\":\"CommentAction\",\"name\":\"Comment\",\"target\":[\"https:\/\/malne.es\/eventos-de-moda\/vogue-fashions-night-out-2025\/#respond\"]}]},{\"@type\":[\"WebPage\",\"ItemPage\"],\"@id\":\"https:\/\/malne.es\/eventos-de-moda\/vogue-fashions-night-out-2025\/\",\"url\":\"https:\/\/malne.es\/eventos-de-moda\/vogue-fashions-night-out-2025\/\",\"name\":\"Vogue Fashion Night Out 2025: Moda en las calles de Madrid\",\"isPartOf\":{\"@id\":\"https:\/\/malne.es\/#website\"},\"primaryImageOfPage\":{\"@id\":\"https:\/\/malne.es\/eventos-de-moda\/vogue-fashions-night-out-2025\/#primaryimage\"},\"image\":{\"@id\":\"https:\/\/malne.es\/eventos-de-moda\/vogue-fashions-night-out-2025\/#primaryimage\"},\"thumbnailUrl\":\"https:\/\/malne.es\/wp-content\/uploads\/2025\/08\/Madrid-Vogue-Fashion-Night-Out-2025.jpg\",\"datePublished\":\"2025-08-13T11:23:32+00:00\",\"dateModified\":\"2025-09-02T13:18:22+00:00\",\"description\":\"Cada septiembre, Madrid vibra con la Vogue Fashion\u2019s Night Out, donde la moda toma las calles.\",\"breadcrumb\":{\"@id\":\"https:\/\/malne.es\/eventos-de-moda\/vogue-fashions-night-out-2025\/#breadcrumb\"},\"inLanguage\":\"en-GB\",\"potentialAction\":[{\"@type\":\"ReadAction\",\"target\":[\"https:\/\/malne.es\/eventos-de-moda\/vogue-fashions-night-out-2025\/\"]}]},{\"@type\":\"ImageObject\",\"inLanguage\":\"en-GB\",\"@id\":\"https:\/\/malne.es\/eventos-de-moda\/vogue-fashions-night-out-2025\/#primaryimage\",\"url\":\"https:\/\/malne.es\/wp-content\/uploads\/2025\/08\/Madrid-Vogue-Fashion-Night-Out-2025.jpg\",\"contentUrl\":\"https:\/\/malne.es\/wp-content\/uploads\/2025\/08\/Madrid-Vogue-Fashion-Night-Out-2025.jpg\",\"width\":1500,\"height\":1000,\"caption\":\"Vista panor\u00e1mica de Madrid al atardecer, ciudad que acoger\u00e1 la Vogue Fashion\u2019s Night Out 2025.\"},{\"@type\":\"BreadcrumbList\",\"@id\":\"https:\/\/malne.es\/eventos-de-moda\/vogue-fashions-night-out-2025\/#breadcrumb\",\"itemListElement\":[{\"@type\":\"ListItem\",\"position\":1,\"name\":\"Home\",\"item\":\"https:\/\/malne.es\/\"},{\"@type\":\"ListItem\",\"position\":2,\"name\":\"Vogue Fashion\u2019s Night Out 2025: la gran noche donde la moda se encuentra con la ciudad\u00a0\"}]},{\"@type\":\"WebSite\",\"@id\":\"https:\/\/malne.es\/#website\",\"url\":\"https:\/\/malne.es\/\",\"name\":\"Malne\",\"description\":\"sitio oficial. Firma especializada en dise\u00f1o de pr\u00eat-\u00e0-porter y costura de prendas de lujo personalizado en ediciones limitadas.\",\"publisher\":{\"@id\":\"https:\/\/malne.es\/#organization\"},\"potentialAction\":[{\"@type\":\"SearchAction\",\"target\":{\"@type\":\"EntryPoint\",\"urlTemplate\":\"https:\/\/malne.es\/?s={search_term_string}\"},\"query-input\":{\"@type\":\"PropertyValueSpecification\",\"valueRequired\":true,\"valueName\":\"search_term_string\"}}],\"inLanguage\":\"en-GB\"},{\"@type\":\"Organization\",\"@id\":\"https:\/\/malne.es\/#organization\",\"name\":\"Malne\",\"url\":\"https:\/\/malne.es\/\",\"logo\":{\"@type\":\"ImageObject\",\"inLanguage\":\"en-GB\",\"@id\":\"https:\/\/malne.es\/#\/schema\/logo\/image\/\",\"url\":\"https:\/\/malne.es\/wp-content\/uploads\/2025\/02\/Modo_de_aislamiento.png\",\"contentUrl\":\"https:\/\/malne.es\/wp-content\/uploads\/2025\/02\/Modo_de_aislamiento.png\",\"width\":160,\"height\":50,\"caption\":\"Malne\"},\"image\":{\"@id\":\"https:\/\/malne.es\/#\/schema\/logo\/image\/\"},\"sameAs\":[\"https:\/\/www.facebook.com\/malnemadrid\/\",\"https:\/\/x.com\/Malne_Official\",\"https:\/\/www.instagram.com\/malne_official\/?hl=es\"]},{\"@type\":\"Person\",\"@id\":\"https:\/\/malne.es\/#\/schema\/person\/579d85ea12cec4ef071b7faaef298ecf\",\"name\":\"MALNE\",\"image\":{\"@type\":\"ImageObject\",\"inLanguage\":\"en-GB\",\"@id\":\"https:\/\/malne.es\/#\/schema\/person\/image\/\",\"url\":\"https:\/\/secure.gravatar.com\/avatar\/ae08289616bea7911814e52ce9fe2c6cc209f8ef15fa01f37eb73b7e36189b60?s=96&d=mm&r=g\",\"contentUrl\":\"https:\/\/secure.gravatar.com\/avatar\/ae08289616bea7911814e52ce9fe2c6cc209f8ef15fa01f37eb73b7e36189b60?s=96&d=mm&r=g\",\"caption\":\"MALNE\"},\"url\":\"https:\/\/malne.es\/en\/author\/malne\/\"}]}<\/script>\n<!-- \/ Yoast SEO plugin. -->","yoast_head_json":{"title":"Vogue Fashion Night Out 2025: Fashion in the Streets of Madrid","description":"Every September, Madrid vibrates with Vogue Fashion's Night Out, where fashion takes to the streets.","robots":{"index":"index","follow":"follow","max-snippet":"max-snippet:-1","max-image-preview":"max-image-preview:large","max-video-preview":"max-video-preview:-1"},"canonical":"https:\/\/malne.es\/en\/fashion-events\/vogue-fashions-night-out-2025\/","og_locale":"en_GB","og_type":"article","og_title":"Vogue Fashion Night Out 2025: Moda en las calles de Madrid","og_description":"Cada septiembre, Madrid vibra con la Vogue Fashion\u2019s Night Out, donde la moda toma las calles.","og_url":"https:\/\/malne.es\/en\/fashion-events\/vogue-fashions-night-out-2025\/","og_site_name":"Malne","article_publisher":"https:\/\/www.facebook.com\/malnemadrid\/","article_published_time":"2025-08-13T11:23:32+00:00","article_modified_time":"2025-09-02T13:18:22+00:00","og_image":[{"width":1500,"height":1000,"url":"https:\/\/malne.es\/wp-content\/uploads\/2025\/08\/Madrid-Vogue-Fashion-Night-Out-2025.jpg","type":"image\/jpeg"}],"author":"MALNE","twitter_card":"summary_large_image","twitter_creator":"@Malne_Official","twitter_site":"@Malne_Official","twitter_misc":{"Written by":"MALNE","Estimated reading time":"4 minutes"},"schema":{"@context":"https:\/\/schema.org","@graph":[{"@type":"NewsArticle","@id":"https:\/\/malne.es\/eventos-de-moda\/vogue-fashions-night-out-2025\/#article","isPartOf":{"@id":"https:\/\/malne.es\/eventos-de-moda\/vogue-fashions-night-out-2025\/"},"author":{"name":"MALNE","@id":"https:\/\/malne.es\/#\/schema\/person\/579d85ea12cec4ef071b7faaef298ecf"},"headline":"Vogue Fashion\u2019s Night Out 2025: la gran noche donde la moda se encuentra con la ciudad\u00a0","datePublished":"2025-08-13T11:23:32+00:00","dateModified":"2025-09-02T13:18:22+00:00","mainEntityOfPage":{"@id":"https:\/\/malne.es\/eventos-de-moda\/vogue-fashions-night-out-2025\/"},"wordCount":814,"commentCount":0,"publisher":{"@id":"https:\/\/malne.es\/#organization"},"image":{"@id":"https:\/\/malne.es\/eventos-de-moda\/vogue-fashions-night-out-2025\/#primaryimage"},"thumbnailUrl":"https:\/\/malne.es\/wp-content\/uploads\/2025\/08\/Madrid-Vogue-Fashion-Night-Out-2025.jpg","articleSection":["Eventos de Moda"],"inLanguage":"en-GB","potentialAction":[{"@type":"CommentAction","name":"Comment","target":["https:\/\/malne.es\/eventos-de-moda\/vogue-fashions-night-out-2025\/#respond"]}]},{"@type":["WebPage","ItemPage"],"@id":"https:\/\/malne.es\/eventos-de-moda\/vogue-fashions-night-out-2025\/","url":"https:\/\/malne.es\/eventos-de-moda\/vogue-fashions-night-out-2025\/","name":"Vogue Fashion Night Out 2025: Fashion in the Streets of Madrid","isPartOf":{"@id":"https:\/\/malne.es\/#website"},"primaryImageOfPage":{"@id":"https:\/\/malne.es\/eventos-de-moda\/vogue-fashions-night-out-2025\/#primaryimage"},"image":{"@id":"https:\/\/malne.es\/eventos-de-moda\/vogue-fashions-night-out-2025\/#primaryimage"},"thumbnailUrl":"https:\/\/malne.es\/wp-content\/uploads\/2025\/08\/Madrid-Vogue-Fashion-Night-Out-2025.jpg","datePublished":"2025-08-13T11:23:32+00:00","dateModified":"2025-09-02T13:18:22+00:00","description":"Every September, Madrid vibrates with Vogue Fashion's Night Out, where fashion takes to the streets.","breadcrumb":{"@id":"https:\/\/malne.es\/eventos-de-moda\/vogue-fashions-night-out-2025\/#breadcrumb"},"inLanguage":"en-GB","potentialAction":[{"@type":"ReadAction","target":["https:\/\/malne.es\/eventos-de-moda\/vogue-fashions-night-out-2025\/"]}]},{"@type":"ImageObject","inLanguage":"en-GB","@id":"https:\/\/malne.es\/eventos-de-moda\/vogue-fashions-night-out-2025\/#primaryimage","url":"https:\/\/malne.es\/wp-content\/uploads\/2025\/08\/Madrid-Vogue-Fashion-Night-Out-2025.jpg","contentUrl":"https:\/\/malne.es\/wp-content\/uploads\/2025\/08\/Madrid-Vogue-Fashion-Night-Out-2025.jpg","width":1500,"height":1000,"caption":"Vista panor\u00e1mica de Madrid al atardecer, ciudad que acoger\u00e1 la Vogue Fashion\u2019s Night Out 2025."},{"@type":"BreadcrumbList","@id":"https:\/\/malne.es\/eventos-de-moda\/vogue-fashions-night-out-2025\/#breadcrumb","itemListElement":[{"@type":"ListItem","position":1,"name":"Home","item":"https:\/\/malne.es\/"},{"@type":"ListItem","position":2,"name":"Vogue Fashion\u2019s Night Out 2025: la gran noche donde la moda se encuentra con la ciudad\u00a0"}]},{"@type":"WebSite","@id":"https:\/\/malne.es\/#website","url":"https:\/\/malne.es\/","name":"Malne","description":"official website. The firm specialises in ready-to-wear design and sewing of luxury customised garments in limited editions.","publisher":{"@id":"https:\/\/malne.es\/#organization"},"potentialAction":[{"@type":"SearchAction","target":{"@type":"EntryPoint","urlTemplate":"https:\/\/malne.es\/?s={search_term_string}"},"query-input":{"@type":"PropertyValueSpecification","valueRequired":true,"valueName":"search_term_string"}}],"inLanguage":"en-GB"},{"@type":"Organization","@id":"https:\/\/malne.es\/#organization","name":"Malne","url":"https:\/\/malne.es\/","logo":{"@type":"ImageObject","inLanguage":"en-GB","@id":"https:\/\/malne.es\/#\/schema\/logo\/image\/","url":"https:\/\/malne.es\/wp-content\/uploads\/2025\/02\/Modo_de_aislamiento.png","contentUrl":"https:\/\/malne.es\/wp-content\/uploads\/2025\/02\/Modo_de_aislamiento.png","width":160,"height":50,"caption":"Malne"},"image":{"@id":"https:\/\/malne.es\/#\/schema\/logo\/image\/"},"sameAs":["https:\/\/www.facebook.com\/malnemadrid\/","https:\/\/x.com\/Malne_Official","https:\/\/www.instagram.com\/malne_official\/?hl=es"]},{"@type":"Person","@id":"https:\/\/malne.es\/#\/schema\/person\/579d85ea12cec4ef071b7faaef298ecf","name":"MALNE","image":{"@type":"ImageObject","inLanguage":"en-GB","@id":"https:\/\/malne.es\/#\/schema\/person\/image\/","url":"https:\/\/secure.gravatar.com\/avatar\/ae08289616bea7911814e52ce9fe2c6cc209f8ef15fa01f37eb73b7e36189b60?s=96&d=mm&r=g","contentUrl":"https:\/\/secure.gravatar.com\/avatar\/ae08289616bea7911814e52ce9fe2c6cc209f8ef15fa01f37eb73b7e36189b60?s=96&d=mm&r=g","caption":"MALNE"},"url":"https:\/\/malne.es\/en\/author\/malne\/"}]}},"_links":{"self":[{"href":"https:\/\/malne.es\/en\/wp-json\/wp\/v2\/posts\/3131","targetHints":{"allow":["GET"]}}],"collection":[{"href":"https:\/\/malne.es\/en\/wp-json\/wp\/v2\/posts"}],"about":[{"href":"https:\/\/malne.es\/en\/wp-json\/wp\/v2\/types\/post"}],"author":[{"embeddable":true,"href":"https:\/\/malne.es\/en\/wp-json\/wp\/v2\/users\/2"}],"replies":[{"embeddable":true,"href":"https:\/\/malne.es\/en\/wp-json\/wp\/v2\/comments?post=3131"}],"version-history":[{"count":2,"href":"https:\/\/malne.es\/en\/wp-json\/wp\/v2\/posts\/3131\/revisions"}],"predecessor-version":[{"id":3134,"href":"https:\/\/malne.es\/en\/wp-json\/wp\/v2\/posts\/3131\/revisions\/3134"}],"wp:featuredmedia":[{"embeddable":true,"href":"https:\/\/malne.es\/en\/wp-json\/wp\/v2\/media\/3133"}],"wp:attachment":[{"href":"https:\/\/malne.es\/en\/wp-json\/wp\/v2\/media?parent=3131"}],"wp:term":[{"taxonomy":"category","embeddable":true,"href":"https:\/\/malne.es\/en\/wp-json\/wp\/v2\/categories?post=3131"},{"taxonomy":"post_tag","embeddable":true,"href":"https:\/\/malne.es\/en\/wp-json\/wp\/v2\/tags?post=3131"}],"curies":[{"name":"wp","href":"https:\/\/api.w.org\/{rel}","templated":true}]}}